{"id":99,"date":"2024-04-01T00:00:00","date_gmt":"2024-04-01T00:00:00","guid":{"rendered":""},"modified":"2024-04-01T00:00:00","modified_gmt":"2024-04-01T00:00:00","slug":"20240527978609","status":"publish","type":"post","link":"https:\/\/www.yvelinesradio.com\/radio\/2024\/04\/01\/20240527978609\/","title":{"rendered":"Au pays des chansons"},"content":{"rendered":"<figure class=\"wp-block-image size-full\"><img decoding=\"async\" src=\"https:\/\/www.yvelinesradio.com\/infos\/emissions\/PIERRE_MINVIELLE_SEBASTIA__Au_pays_des_chansons__8235320844.jpg\"alt=\"\" class=\"wp-image-32\" \/><\/figure><figure class=\"wp-block-audio\"><audio controls src=\"https:\/\/www.yvelinesradio.com\/infos\/emissions\/PIERRE_MINVIELLE_SEBASTIA__Au_pays_des_chansons__7014695673.mp3\"><\/audio><\/figure><p>Figure embl\u00e9matique de la chanson fran\u00e7aise \u00e0 texte avec une carri\u00e8re s\u0092\u00e9talant sur pr\u00e8s de sept d\u00e9cennies, elle est notamment c\u00e9l\u00e8bre pour avoir \u00e9t\u00e9 l&rsquo;interpr\u00e8te d&rsquo;auteurs tels que Raymond Queneau, Jacques Pr\u00e9vert, L\u00e9o Ferr\u00e9, Boris Vian, Guy B\u00e9art et Serge Gainsbourg. <\/p>","protected":false},"excerpt":{"rendered":"<p>Figure embl\u00e9matique de la chanson fran\u00e7aise \u00e0 texte avec une carri\u00e8re s\u0092\u00e9talant sur pr\u00e8s de sept d\u00e9cennies, elle est notamment c\u00e9l\u00e8bre pour avoir \u00e9t\u00e9 l&rsquo;interpr\u00e8te d&rsquo;auteurs tels que Raymond Queneau, Jacques Pr\u00e9vert, L\u00e9o Ferr\u00e9, Boris Vian, Guy B\u00e9art et Serge Gainsbourg.<\/p>\n","protected":false},"author":16,"featured_media":0,"comment_status":"closed","ping_status":"open","sticky":false,"template":"","format":"standard","meta":{"footnotes":""},"categories":[],"tags":[],"_links":{"self":[{"href":"https:\/\/www.yvelinesradio.com\/radio\/wp-json\/wp\/v2\/posts\/99"}],"collection":[{"href":"https:\/\/www.yvelinesradio.com\/radio\/wp-json\/wp\/v2\/posts"}],"about":[{"href":"https:\/\/www.yvelinesradio.com\/radio\/wp-json\/wp\/v2\/types\/post"}],"author":[{"embeddable":true,"href":"https:\/\/www.yvelinesradio.com\/radio\/wp-json\/wp\/v2\/users\/16"}],"replies":[{"embeddable":true,"href":"https:\/\/www.yvelinesradio.com\/radio\/wp-json\/wp\/v2\/comments?post=99"}],"version-history":[{"count":0,"href":"https:\/\/www.yvelinesradio.com\/radio\/wp-json\/wp\/v2\/posts\/99\/revisions"}],"wp:attachment":[{"href":"https:\/\/www.yvelinesradio.com\/radio\/wp-json\/wp\/v2\/media?parent=99"}],"wp:term":[{"taxonomy":"category","embeddable":true,"href":"https:\/\/www.yvelinesradio.com\/radio\/wp-json\/wp\/v2\/categories?post=99"},{"taxonomy":"post_tag","embeddable":true,"href":"https:\/\/www.yvelinesradio.com\/radio\/wp-json\/wp\/v2\/tags?post=99"}],"curies":[{"name":"wp","href":"https:\/\/api.w.org\/{rel}","templated":true}]}}