{"id":965,"date":"2024-06-12T00:00:00","date_gmt":"2024-06-12T00:00:00","guid":{"rendered":""},"modified":"2024-06-12T00:00:00","modified_gmt":"2024-06-12T00:00:00","slug":"20240614102514","status":"publish","type":"post","link":"https:\/\/www.yvelinesradio.com\/radio\/2024\/06\/12\/20240614102514\/","title":{"rendered":"\u00ab\u00a0Quelque Chose au C\u00f4t\u00e9 Gauche\u00a0\u00bb Avignon OFF 2024"},"content":{"rendered":"<figure class=\"wp-block-image size-full\"><img decoding=\"async\" src=\"https:\/\/www.yvelinesradio.com\/infos\/chroniques\/SORTIES_A_PARIS___Quelque_Chose_au_C_t__Gauche__Avignon_O__5377250006.jpg\"alt=\"\" class=\"wp-image-32\" \/><\/figure><figure class=\"wp-block-audio\"><audio controls src=\"https:\/\/www.yvelinesradio.com\/infos\/chroniques\/SORTIES_A_PARIS___Quelque_Chose_au_C_t__Gauche__Avignon_O__7732743734.mp3\"><\/audio><\/figure><p>Une pi\u00e8ce, propos\u00e9e par Herv\u00e9 FALLOUX, qui en signe l&rsquo;adaptation, d&rsquo;apr\u00e8s \u00ab\u00a0La Mort de Ivan Ilitch\u00a0\u00bb de L\u00e9on Tolsto\u00ef.\r\n\r\nNous avions beaucoup aim\u00e9 ce spectecle que nous avions vu au Studio H\u00e9bertot, et qui sera \u00e0 l&rsquo;affiche du Th\u00e9\u00e2tre des Corps Saints, \u00e0 l&rsquo;occasion de l&rsquo;\u00e9dition 2024 du Festival Off en Avignon.\r\n\r\nLe Pitch: Ivan Ilicht est Pr\u00e9sident du Tribunal de St Petersbourg, un homme froid et rigoureux.\r\n\r\nUne petite douleur au c\u00f4t\u00e9 gauche et sa vie bascule.\r\n\r\nAu bord du pr\u00e9cipice, il commence un chemin initiatique qui va le mener vers la lumi\u00e8re&#8230;\r\n\r\n\u00ab\u00a0\u00c0 noter avant tout, l&rsquo;extraordinaire prestation et performance du com\u00e9dien Herv\u00e9 Falloux, seul en sc\u00e8ne, qui nous fait vivre, en premi\u00e8re partie, avec un humour d\u00e9capant, l&rsquo;ascension de ce brillant magistrat, s\u00fbr de lui-m\u00eame, bel homme tout de blanc v\u00eatu qui est aussi s\u00e9duisant que convainquant.\r\n\r\nPuis s&rsquo;en suit une progressive et longue descente aux enfers, avec la r\u00e9v\u00e9lation d&rsquo;un mal au c\u00f4t\u00e9 gauche, \u00e0 la suite d&rsquo;un choc, qui le plonge dans les affres d&rsquo;une remise en cause profonde de son \u00eatre qui va aboutir \u00e0 la r\u00e9demption de toute la vacuit\u00e9 de sa vie ant\u00e9rieure.\u00a0\u00bb\r\n\r\nSc\u00e9nographie: Jean-Michel ADAM\r\n\r\nCostumes: Jean-Daniel VUILLERMOZ\r\n\r\nLumi\u00e8res: Philippe SAZ\u00c9RAT\r\n\r\nCr\u00e9ation Sons: F\u00e9licien  ADAM\r\n\r\nDu 3 au 21 Juillet 2024 \u00e0 15h15\r\n\r\n(Rel\u00e2che le 9 Juillet)\r\n\r\nDur\u00e9e: 1h10\r\n\r\n \r\n\r\nMise en Sc\u00e8ne: S\u00e9verine VINCENT\r\n\r\n \r\n\r\n\r\n \r\n\r\nTH\u00c9\u00c2TRE DES CORPS SAINTS\r\n\r\nSalle 2\r\n\r\nR\u00e9servations: 04 84 51 25 75\r\n\r\n \r\n\r\nRobert BONNARDOT<\/p>","protected":false},"excerpt":{"rendered":"<p>Une pi\u00e8ce, propos\u00e9e par Herv\u00e9 FALLOUX, qui en signe l&rsquo;adaptation, d&rsquo;apr\u00e8s \u00ab\u00a0La Mort de Ivan Ilitch\u00a0\u00bb de L\u00e9on Tolsto\u00ef. Nous avions beaucoup aim\u00e9 ce spectecle que nous avions vu au Studio H\u00e9bertot, et qui sera \u00e0 l&rsquo;affiche du Th\u00e9\u00e2tre des Corps Saints, \u00e0 l&rsquo;occasion de l&rsquo;\u00e9dition 2024 du Festival Off en Avignon. Le Pitch: Ivan [&hellip;]<\/p>\n","protected":false},"author":11,"featured_media":0,"comment_status":"closed","ping_status":"open","sticky":false,"template":"","format":"standard","meta":{"footnotes":""},"categories":[],"tags":[],"_links":{"self":[{"href":"https:\/\/www.yvelinesradio.com\/radio\/wp-json\/wp\/v2\/posts\/965"}],"collection":[{"href":"https:\/\/www.yvelinesradio.com\/radio\/wp-json\/wp\/v2\/posts"}],"about":[{"href":"https:\/\/www.yvelinesradio.com\/radio\/wp-json\/wp\/v2\/types\/post"}],"author":[{"embeddable":true,"href":"https:\/\/www.yvelinesradio.com\/radio\/wp-json\/wp\/v2\/users\/11"}],"replies":[{"embeddable":true,"href":"https:\/\/www.yvelinesradio.com\/radio\/wp-json\/wp\/v2\/comments?post=965"}],"version-history":[{"count":0,"href":"https:\/\/www.yvelinesradio.com\/radio\/wp-json\/wp\/v2\/posts\/965\/revisions"}],"wp:attachment":[{"href":"https:\/\/www.yvelinesradio.com\/radio\/wp-json\/wp\/v2\/media?parent=965"}],"wp:term":[{"taxonomy":"category","embeddable":true,"href":"https:\/\/www.yvelinesradio.com\/radio\/wp-json\/wp\/v2\/categories?post=965"},{"taxonomy":"post_tag","embeddable":true,"href":"https:\/\/www.yvelinesradio.com\/radio\/wp-json\/wp\/v2\/tags?post=965"}],"curies":[{"name":"wp","href":"https:\/\/api.w.org\/{rel}","templated":true}]}}