{"id":952,"date":"2024-06-10T00:00:00","date_gmt":"2024-06-10T00:00:00","guid":{"rendered":""},"modified":"2024-06-10T00:00:00","modified_gmt":"2024-06-10T00:00:00","slug":"20240611295673","status":"publish","type":"post","link":"https:\/\/www.yvelinesradio.com\/radio\/2024\/06\/10\/20240611295673\/","title":{"rendered":"Au pays des chansons"},"content":{"rendered":"<figure class=\"wp-block-image size-full\"><img decoding=\"async\" src=\"https:\/\/www.yvelinesradio.com\/infos\/emissions\/PIERRE_MINVIELLE_SEBASTIA__Au_pays_des_chansons__5067916968.jpg\"alt=\"\" class=\"wp-image-32\" \/><\/figure><figure class=\"wp-block-audio\"><audio controls src=\"https:\/\/www.yvelinesradio.com\/infos\/emissions\/PIERRE_MINVIELLE_SEBASTIA__Au_pays_des_chansons__1333661562.mp3\"><\/audio><\/figure><p>\u00c0 partir de 1959, Francesca Solleville d\u00e9laisse le chant lyrique pour chanter ses auteurs pr\u00e9f\u00e9r\u00e9s dans les cabarets Rive-Gauche de Paris. Influenc\u00e9e par Germaine Montero et encourag\u00e9e par L\u00e9o Ferr\u00e9, elle est orient\u00e9e par Jacques Douai vers la maison de disques Bo\u00eete \u00e0 musique. <\/p>","protected":false},"excerpt":{"rendered":"<p>\u00c0 partir de 1959, Francesca Solleville d\u00e9laisse le chant lyrique pour chanter ses auteurs pr\u00e9f\u00e9r\u00e9s dans les cabarets Rive-Gauche de Paris. Influenc\u00e9e par Germaine Montero et encourag\u00e9e par L\u00e9o Ferr\u00e9, elle est orient\u00e9e par Jacques Douai vers la maison de disques Bo\u00eete \u00e0 musique.<\/p>\n","protected":false},"author":16,"featured_media":0,"comment_status":"closed","ping_status":"open","sticky":false,"template":"","format":"standard","meta":{"footnotes":""},"categories":[],"tags":[],"_links":{"self":[{"href":"https:\/\/www.yvelinesradio.com\/radio\/wp-json\/wp\/v2\/posts\/952"}],"collection":[{"href":"https:\/\/www.yvelinesradio.com\/radio\/wp-json\/wp\/v2\/posts"}],"about":[{"href":"https:\/\/www.yvelinesradio.com\/radio\/wp-json\/wp\/v2\/types\/post"}],"author":[{"embeddable":true,"href":"https:\/\/www.yvelinesradio.com\/radio\/wp-json\/wp\/v2\/users\/16"}],"replies":[{"embeddable":true,"href":"https:\/\/www.yvelinesradio.com\/radio\/wp-json\/wp\/v2\/comments?post=952"}],"version-history":[{"count":0,"href":"https:\/\/www.yvelinesradio.com\/radio\/wp-json\/wp\/v2\/posts\/952\/revisions"}],"wp:attachment":[{"href":"https:\/\/www.yvelinesradio.com\/radio\/wp-json\/wp\/v2\/media?parent=952"}],"wp:term":[{"taxonomy":"category","embeddable":true,"href":"https:\/\/www.yvelinesradio.com\/radio\/wp-json\/wp\/v2\/categories?post=952"},{"taxonomy":"post_tag","embeddable":true,"href":"https:\/\/www.yvelinesradio.com\/radio\/wp-json\/wp\/v2\/tags?post=952"}],"curies":[{"name":"wp","href":"https:\/\/api.w.org\/{rel}","templated":true}]}}