{"id":951,"date":"2024-06-07T00:00:00","date_gmt":"2024-06-07T00:00:00","guid":{"rendered":""},"modified":"2024-06-07T00:00:00","modified_gmt":"2024-06-07T00:00:00","slug":"20240609110031","status":"publish","type":"post","link":"https:\/\/www.yvelinesradio.com\/radio\/2024\/06\/07\/20240609110031\/","title":{"rendered":"\u00ab\u00a0LE TOUR DU TH\u00c9\u00c2TRE EN 80 MINUTES\u00a0\u00bb  de Christophe BARBIER"},"content":{"rendered":"<figure class=\"wp-block-image size-full\"><img decoding=\"async\" src=\"https:\/\/www.yvelinesradio.com\/infos\/chroniques\/SORTIES_A_PARIS___LE_TOUR_DU_TH__TRE_EN____MINUTES___de_C__8272310834.jpg\"alt=\"\" class=\"wp-image-32\" \/><\/figure><figure class=\"wp-block-audio\"><audio controls src=\"https:\/\/www.yvelinesradio.com\/infos\/chroniques\/SORTIES_A_PARIS___LE_TOUR_DU_TH__TRE_EN____MINUTES___de_C__6309096058.mp3\"><\/audio><\/figure><p>J&rsquo;avais ador\u00e9 ce spectacle, en 2018, et d\u00e9j\u00e0 au Th\u00e9\u00e2tre de Poche-Montparnasse, que nous propose \u00e0 nouveau Christophe BARBIER, (qui joue aussi au m\u00eame endroit \u00ab\u00a0Mozart, Mon Amour\u00a0\u00bb).\r\n\r\nSi une Acad\u00e9mie du Th\u00e9\u00e2tre de Poche-Montparnasse existait, nul doute que Myriam BOYER, Judith MAGRE, Christophe BARBIER, et bien \u00e9videmment Sylvain TESSON, endosseraient l&rsquo;habit&#8230;.\r\n\r\nCe spectacle, est librement inspir\u00e9 de l&rsquo;ouvrage que Christophe BARBIER, a publi\u00e9 aux \u00c9ditions PLON, \u00ab\u00a0Le Dictionnaire Amoureux du Th\u00e9\u00e2tre\u00a0\u00bb.\r\n\r\nPour le retour  de cette sympathique affiche, il a eu le plaisir d&rsquo;une fructueuse collaboration, avec une artiste  tr\u00e8s talentueuse:\r\n\r\nCharlotte RONDELEZ.\r\n\r\nLe spectacle dure en fait 1h30, donc plus des 80 minutes annonc\u00e9es, et personne ne s&rsquo;en plaint! \r\n\r\nUne tr\u00e8s agr\u00e9able soir\u00e9e, tr\u00e8s enrichissante !\r\n\r\nJusqu&rsquo;au 8 Juillet\r\n\r\n \r\n\r\nChaque Lundi \u00e0 19h00\r\n\r\n \r\n\r\n\r\n \r\n\r\n \r\n\r\nTH\u00c9\u00c2TRE DE POCHE-MONTPARNASSE\r\n\r\n01 45 44 50 21\r\n\r\n \r\n\r\n \r\n\r\nRobert BONNARDOT<\/p>","protected":false},"excerpt":{"rendered":"<p>J&rsquo;avais ador\u00e9 ce spectacle, en 2018, et d\u00e9j\u00e0 au Th\u00e9\u00e2tre de Poche-Montparnasse, que nous propose \u00e0 nouveau Christophe BARBIER, (qui joue aussi au m\u00eame endroit \u00ab\u00a0Mozart, Mon Amour\u00a0\u00bb). Si une Acad\u00e9mie du Th\u00e9\u00e2tre de Poche-Montparnasse existait, nul doute que Myriam BOYER, Judith MAGRE, Christophe BARBIER, et bien \u00e9videmment Sylvain TESSON, endosseraient l&rsquo;habit&#8230;. Ce spectacle, est [&hellip;]<\/p>\n","protected":false},"author":11,"featured_media":0,"comment_status":"closed","ping_status":"open","sticky":false,"template":"","format":"standard","meta":{"footnotes":""},"categories":[],"tags":[],"_links":{"self":[{"href":"https:\/\/www.yvelinesradio.com\/radio\/wp-json\/wp\/v2\/posts\/951"}],"collection":[{"href":"https:\/\/www.yvelinesradio.com\/radio\/wp-json\/wp\/v2\/posts"}],"about":[{"href":"https:\/\/www.yvelinesradio.com\/radio\/wp-json\/wp\/v2\/types\/post"}],"author":[{"embeddable":true,"href":"https:\/\/www.yvelinesradio.com\/radio\/wp-json\/wp\/v2\/users\/11"}],"replies":[{"embeddable":true,"href":"https:\/\/www.yvelinesradio.com\/radio\/wp-json\/wp\/v2\/comments?post=951"}],"version-history":[{"count":0,"href":"https:\/\/www.yvelinesradio.com\/radio\/wp-json\/wp\/v2\/posts\/951\/revisions"}],"wp:attachment":[{"href":"https:\/\/www.yvelinesradio.com\/radio\/wp-json\/wp\/v2\/media?parent=951"}],"wp:term":[{"taxonomy":"category","embeddable":true,"href":"https:\/\/www.yvelinesradio.com\/radio\/wp-json\/wp\/v2\/categories?post=951"},{"taxonomy":"post_tag","embeddable":true,"href":"https:\/\/www.yvelinesradio.com\/radio\/wp-json\/wp\/v2\/tags?post=951"}],"curies":[{"name":"wp","href":"https:\/\/api.w.org\/{rel}","templated":true}]}}