{"id":950,"date":"2024-06-07T00:00:00","date_gmt":"2024-06-07T00:00:00","guid":{"rendered":""},"modified":"2024-06-07T00:00:00","modified_gmt":"2024-06-07T00:00:00","slug":"20240609503383","status":"publish","type":"post","link":"https:\/\/www.yvelinesradio.com\/radio\/2024\/06\/07\/20240609503383\/","title":{"rendered":"\u00ab\u00a0Marie-Paule BELLE\u00a0\u00bb de retour au Th\u00e9\u00e2tre de PASSY"},"content":{"rendered":"<figure class=\"wp-block-image size-full\"><img decoding=\"async\" src=\"https:\/\/www.yvelinesradio.com\/infos\/chroniques\/SORTIES_A_PARIS___Marie_Paule_BELLE__de_retour_au_Th__tre__5419766693.jpg\"alt=\"\" class=\"wp-image-32\" \/><\/figure><figure class=\"wp-block-audio\"><audio controls src=\"https:\/\/www.yvelinesradio.com\/infos\/chroniques\/SORTIES_A_PARIS___Marie_Paule_BELLE__de_retour_au_Th__tre__7565233923.mp3\"><\/audio><\/figure><p>J&rsquo;ai eu la chance de voir ce spectacle, lors de la premi\u00e8re salve, en Janvier dernier:\r\n\r\nEt j&rsquo;avais ador\u00e9, et je disais:\r\n\r\n \r\n\r\n \r\n\r\n\u00ab\u00a0Elle a rendu hommage \u00e0 l&rsquo;amour de sa vie, la romanci\u00e8re Fran\u00e7oise Mallet-Joris.\r\n\r\nElle chante aussi Barbara, Michel Grisolia, Isabelle Mayereau et m\u00eame du Harry Fragson, vedette populaire des ann\u00e9es 1900.\r\n\r\nMarie-Paule BELLE s&rsquo;amuse sur sc\u00e8ne, elle est tr\u00e8s dr\u00f4le, le public en profite bien, c&rsquo;est p\u00e9tillant \u00e0 souhait !!!\u00a0\u00bb\r\n\r\nLe Th\u00e9\u00e2tre de Passy, avait d\u00fb refuser beaucoup de monde, eu \u00e9gard au succ\u00e8s de cette chanteuse, que tout le monde aime.\r\n\r\nAnne, \u00e9tait dans la salle ce soir &#8211; pour Sorties \u00e0 Paris &#8211; et elle nous dit:\r\n\r\n\u00ab\u00a0Une nouvelle fois, une salle archi-pleine, et des spectateurs, qui connaissent toutes les paroles de ses chansons.\r\n\r\nNous avons eu le bonheur de d\u00e9couvrir, un tr\u00e8s beau texte, qu&rsquo;elle a po\u00e9tis\u00e9, et qui est sa victoire sur un cancer, dont elle a triomph\u00e9.\r\n\r\nCe qui a \u00e9mu toute la salle, et nombreux sont ceux, qui avaient la larme au coin des yeux&#8230;\r\n\r\nQuelle belle soir\u00e9e !\u00a0\u00bb\r\n\r\n \r\n\r\nElle est sous les lumi\u00e8res du Ma\u00eetre en la mati\u00e8re, le merveilleux Jacques ROUVEYROLLIS;\r\n\r\nNe laissez pas passer cette occasion, et r\u00e9servez vite, pour une soir\u00e9e que vous n&rsquo;oublierez jamais !\r\n\r\nJusqu&rsquo;au 16 Juin 2024\r\n\r\nDu Mardi au Samedi \u00e0 20h30\r\n\r\nLes Deux Dimanches \u00e0 16h00\r\n\r\n \r\n\r\nDur\u00e9e: 1h30\r\n\r\n \r\n\r\n\r\n \r\n\r\nTH\u00c9\u00c2TRE DE PASSY\r\n\r\n01 82 28 56 40\r\n\r\n \r\n\r\nRobert BONNARDOT<\/p>","protected":false},"excerpt":{"rendered":"<p>J&rsquo;ai eu la chance de voir ce spectacle, lors de la premi\u00e8re salve, en Janvier dernier: Et j&rsquo;avais ador\u00e9, et je disais: \u00ab\u00a0Elle a rendu hommage \u00e0 l&rsquo;amour de sa vie, la romanci\u00e8re Fran\u00e7oise Mallet-Joris. Elle chante aussi Barbara, Michel Grisolia, Isabelle Mayereau et m\u00eame du Harry Fragson, vedette populaire des ann\u00e9es 1900. Marie-Paule BELLE [&hellip;]<\/p>\n","protected":false},"author":11,"featured_media":0,"comment_status":"closed","ping_status":"open","sticky":false,"template":"","format":"standard","meta":{"footnotes":""},"categories":[],"tags":[],"_links":{"self":[{"href":"https:\/\/www.yvelinesradio.com\/radio\/wp-json\/wp\/v2\/posts\/950"}],"collection":[{"href":"https:\/\/www.yvelinesradio.com\/radio\/wp-json\/wp\/v2\/posts"}],"about":[{"href":"https:\/\/www.yvelinesradio.com\/radio\/wp-json\/wp\/v2\/types\/post"}],"author":[{"embeddable":true,"href":"https:\/\/www.yvelinesradio.com\/radio\/wp-json\/wp\/v2\/users\/11"}],"replies":[{"embeddable":true,"href":"https:\/\/www.yvelinesradio.com\/radio\/wp-json\/wp\/v2\/comments?post=950"}],"version-history":[{"count":0,"href":"https:\/\/www.yvelinesradio.com\/radio\/wp-json\/wp\/v2\/posts\/950\/revisions"}],"wp:attachment":[{"href":"https:\/\/www.yvelinesradio.com\/radio\/wp-json\/wp\/v2\/media?parent=950"}],"wp:term":[{"taxonomy":"category","embeddable":true,"href":"https:\/\/www.yvelinesradio.com\/radio\/wp-json\/wp\/v2\/categories?post=950"},{"taxonomy":"post_tag","embeddable":true,"href":"https:\/\/www.yvelinesradio.com\/radio\/wp-json\/wp\/v2\/tags?post=950"}],"curies":[{"name":"wp","href":"https:\/\/api.w.org\/{rel}","templated":true}]}}