{"id":946,"date":"2024-06-04T00:00:00","date_gmt":"2024-06-04T00:00:00","guid":{"rendered":""},"modified":"2024-06-04T00:00:00","modified_gmt":"2024-06-04T00:00:00","slug":"20240606135540","status":"publish","type":"post","link":"https:\/\/www.yvelinesradio.com\/radio\/2024\/06\/04\/20240606135540\/","title":{"rendered":"\u00ab\u00a0HUGO ET SES L\u00c9GENDES\u00a0\u00bb en Librairie"},"content":{"rendered":"<figure class=\"wp-block-image size-full\"><img decoding=\"async\" src=\"https:\/\/www.yvelinesradio.com\/infos\/chroniques\/SORTIES_A_PARIS___HUGO_ET_SES_L_GENDES__en_Librairie__4864980116.png\"alt=\"\" class=\"wp-image-32\" \/><\/figure><figure class=\"wp-block-audio\"><audio controls src=\"https:\/\/www.yvelinesradio.com\/infos\/chroniques\/SORTIES_A_PARIS___HUGO_ET_SES_L_GENDES__en_Librairie__7066166299.mp3\"><\/audio><\/figure><p>Apr\u00e8s des spectacles sur l&rsquo;oeuvre de Jean de LA FONTAINE, J\u00e9r\u00f4me Hauser, \u00e0 la suite d&rsquo;un r\u00eave, est devenu l&rsquo;avocat de Victor Hugo.\r\n\r\nLe seul \u00e9crivain, qui a eu de son vivant, une avenue \u00e0 son nom. Et quelle art\u00e8re, de la Muette, jusqu&rsquo;\u00e0 l&rsquo;\u00c9toile. J&rsquo;ai habit\u00e9 au 181.\r\n\r\nJ\u00e9r\u00f4me HAUSER, a suivi les Cours de Jean-Laurent COCHET, en m\u00eame temps que le talentueux Maxime d&rsquo;Aboville, dont je ne rate jamais un spectacle.\r\n\r\nIl nous explique, comment lui est venu l&rsquo;id\u00e9e de ce spectacle, qu&rsquo;il a jou\u00e9, il y a peu, dans l&rsquo;auditorium de la Mairie de Paris.\r\n\r\n\u00ab\u00a0Un r\u00eave, et Victor Hugo m&rsquo;est apparu.\r\n\r\nSa vie, ses \u00e9crits, ses combats, ses amours et tous ses personnages.\r\n\r\nRuy Blas, Gavroche, Jean Valjean&#8230; Pour ne citer qu&rsquo;eux.\u00a0\u00bb\r\n\r\nJ\u00e9r\u00f4me n&rsquo;a pas r\u00e9pondu \u00e0 sa vocation, et il est devenu instituteur, dans une \u00e9cole de la rue de Passy.\r\n\r\nEt, c&rsquo;est \u00e0 ce titre qu&rsquo;il constate le d\u00e9sint\u00e9r\u00eat des manuels scolaires, pour l&rsquo;histoire presque oubli\u00e9e, de ce g\u00e9ant de la Litt\u00e9rature.\r\n\r\n \r\n\r\nIl ajoute:\r\n\r\n\u00ab\u00a0Ces textes, je les fais vivre sur sc\u00e8ne, en suivant chronologiquement l&rsquo;\u00e2ge de l&rsquo;auteur, au fil de l&rsquo;\u00e9criture\u00a0\u00bb.\r\n\r\nAvant, de le retrouver, bient\u00f4t sur sc\u00e8ne, le texte du spectacle a \u00e9t\u00e9 publi\u00e9, et on peut d\u00e9j\u00e0 le trouver \u00e0 La LIBRAIRIE FONTAINE, une adresse que connaissent toutes les jeunes filles du Ly\u00e7\u00e9e Moli\u00e8re.\r\n\r\nUne pr\u00e9face du virtuose du Violoncelle: Adrien FRASSE-SOMBET.;\r\n\r\n \r\n\r\nNous ne manquerons pas, de vous pr\u00e9venir des prochaines repr\u00e9sentations de ce spectacle.\r\n\r\n \r\n\r\nDur\u00e9e: 1H15\r\n\r\n \r\n\r\n\r\n \r\n\r\nLIBRAIRIE FONTAINE\r\n\r\n28, rue de l&rsquo;Annonciation\r\n\r\n75016 PARIS\r\n\r\n01 40 71 09 12\r\n\r\n \r\n\r\n \r\n\r\n \r\n\r\nRobert BONNARDOT<\/p>","protected":false},"excerpt":{"rendered":"<p>Apr\u00e8s des spectacles sur l&rsquo;oeuvre de Jean de LA FONTAINE, J\u00e9r\u00f4me Hauser, \u00e0 la suite d&rsquo;un r\u00eave, est devenu l&rsquo;avocat de Victor Hugo. Le seul \u00e9crivain, qui a eu de son vivant, une avenue \u00e0 son nom. Et quelle art\u00e8re, de la Muette, jusqu&rsquo;\u00e0 l&rsquo;\u00c9toile. J&rsquo;ai habit\u00e9 au 181. J\u00e9r\u00f4me HAUSER, a suivi les Cours [&hellip;]<\/p>\n","protected":false},"author":11,"featured_media":0,"comment_status":"closed","ping_status":"open","sticky":false,"template":"","format":"standard","meta":{"footnotes":""},"categories":[],"tags":[],"_links":{"self":[{"href":"https:\/\/www.yvelinesradio.com\/radio\/wp-json\/wp\/v2\/posts\/946"}],"collection":[{"href":"https:\/\/www.yvelinesradio.com\/radio\/wp-json\/wp\/v2\/posts"}],"about":[{"href":"https:\/\/www.yvelinesradio.com\/radio\/wp-json\/wp\/v2\/types\/post"}],"author":[{"embeddable":true,"href":"https:\/\/www.yvelinesradio.com\/radio\/wp-json\/wp\/v2\/users\/11"}],"replies":[{"embeddable":true,"href":"https:\/\/www.yvelinesradio.com\/radio\/wp-json\/wp\/v2\/comments?post=946"}],"version-history":[{"count":0,"href":"https:\/\/www.yvelinesradio.com\/radio\/wp-json\/wp\/v2\/posts\/946\/revisions"}],"wp:attachment":[{"href":"https:\/\/www.yvelinesradio.com\/radio\/wp-json\/wp\/v2\/media?parent=946"}],"wp:term":[{"taxonomy":"category","embeddable":true,"href":"https:\/\/www.yvelinesradio.com\/radio\/wp-json\/wp\/v2\/categories?post=946"},{"taxonomy":"post_tag","embeddable":true,"href":"https:\/\/www.yvelinesradio.com\/radio\/wp-json\/wp\/v2\/tags?post=946"}],"curies":[{"name":"wp","href":"https:\/\/api.w.org\/{rel}","templated":true}]}}