{"id":944,"date":"2024-06-04T00:00:00","date_gmt":"2024-06-04T00:00:00","guid":{"rendered":""},"modified":"2024-06-04T00:00:00","modified_gmt":"2024-06-04T00:00:00","slug":"20240605804477","status":"publish","type":"post","link":"https:\/\/www.yvelinesradio.com\/radio\/2024\/06\/04\/20240605804477\/","title":{"rendered":"\u00ab\u00a01 H AVEC&#8230; \u00a0\u00bb MARIE PAULE BELLE (REDIFFUSION)"},"content":{"rendered":"<figure class=\"wp-block-image size-full\"><img decoding=\"async\" src=\"https:\/\/www.yvelinesradio.com\/infos\/emissions\/FRANCOIS_JOYEUX_____H_AVEC______MARIE_PAULE_BELLE__REDIFF__6793192037.jpg\"alt=\"\" class=\"wp-image-32\" \/><\/figure><figure class=\"wp-block-audio\"><audio controls src=\"https:\/\/www.yvelinesradio.com\/infos\/emissions\/FRANCOIS_JOYEUX_____H_AVEC______MARIE_PAULE_BELLE__REDIFF__4505205652.mp3\"><\/audio><\/figure><p>Francois re\u00e7ois dans \u00a0\u00bb Une Heure Avec&#8230;\u00a0\u00bb  La chanteuse Marie-Paule Belle pour son album \u00ab\u00a0Un soir entre mille\u00a0\u00bb et sa s\u00e9rie de concerts en juin au Th\u00e9\u00e2tre de Passy \r\n<blockquote class=\"wp-embedded-content\" data-secret=\"jqgGC1yBVU\"><a href=\"https:\/\/theatredepassy.fr\/spectacle\/marie-paule-belle\/\">Marie Paule Belle<\/a><\/blockquote><iframe class=\"wp-embedded-content\" sandbox=\"allow-scripts\" security=\"restricted\" style=\"position: absolute; clip: rect(1px, 1px, 1px, 1px);\" title=\"\u00ab\u00a0Marie Paule Belle\u00a0\u00bb &#8212; Th\u00e9\u00e2tre de Passy\" src=\"https:\/\/theatredepassy.fr\/spectacle\/marie-paule-belle\/embed\/#?secret=jqgGC1yBVU\" data-secret=\"jqgGC1yBVU\" width=\"500\" height=\"282\" frameborder=\"0\" marginwidth=\"0\" marginheight=\"0\" scrolling=\"no\"><\/iframe>\r\nhttps:\/\/www.fnac.com\/&#8230;\/Marie-Paule-Belle-Un-soir-entre&#8230;\r\nLe live  :  https:\/\/www.radio.fr\/s\/yvelinesradiofm\r\nRediffusions:  Jeudi 8-9h vendredi 19h-20h samedi 8-9h lundi 9-10h\r\nle podcast https:\/\/yvelinesradio.com<\/p>","protected":false},"excerpt":{"rendered":"<p>Francois re\u00e7ois dans \u00a0\u00bb Une Heure Avec&#8230;\u00a0\u00bb La chanteuse Marie-Paule Belle pour son album \u00ab\u00a0Un soir entre mille\u00a0\u00bb et sa s\u00e9rie de concerts en juin au Th\u00e9\u00e2tre de Passy Marie Paule Belle https:\/\/www.fnac.com\/&#8230;\/Marie-Paule-Belle-Un-soir-entre&#8230; Le live : https:\/\/www.radio.fr\/s\/yvelinesradiofm Rediffusions: Jeudi 8-9h vendredi 19h-20h samedi 8-9h lundi 9-10h le podcast https:\/\/yvelinesradio.com<\/p>\n","protected":false},"author":17,"featured_media":0,"comment_status":"closed","ping_status":"open","sticky":false,"template":"","format":"standard","meta":{"footnotes":""},"categories":[],"tags":[],"_links":{"self":[{"href":"https:\/\/www.yvelinesradio.com\/radio\/wp-json\/wp\/v2\/posts\/944"}],"collection":[{"href":"https:\/\/www.yvelinesradio.com\/radio\/wp-json\/wp\/v2\/posts"}],"about":[{"href":"https:\/\/www.yvelinesradio.com\/radio\/wp-json\/wp\/v2\/types\/post"}],"author":[{"embeddable":true,"href":"https:\/\/www.yvelinesradio.com\/radio\/wp-json\/wp\/v2\/users\/17"}],"replies":[{"embeddable":true,"href":"https:\/\/www.yvelinesradio.com\/radio\/wp-json\/wp\/v2\/comments?post=944"}],"version-history":[{"count":0,"href":"https:\/\/www.yvelinesradio.com\/radio\/wp-json\/wp\/v2\/posts\/944\/revisions"}],"wp:attachment":[{"href":"https:\/\/www.yvelinesradio.com\/radio\/wp-json\/wp\/v2\/media?parent=944"}],"wp:term":[{"taxonomy":"category","embeddable":true,"href":"https:\/\/www.yvelinesradio.com\/radio\/wp-json\/wp\/v2\/categories?post=944"},{"taxonomy":"post_tag","embeddable":true,"href":"https:\/\/www.yvelinesradio.com\/radio\/wp-json\/wp\/v2\/tags?post=944"}],"curies":[{"name":"wp","href":"https:\/\/api.w.org\/{rel}","templated":true}]}}