{"id":943,"date":"2024-06-04T00:00:00","date_gmt":"2024-06-04T00:00:00","guid":{"rendered":""},"modified":"2024-06-04T00:00:00","modified_gmt":"2024-06-04T00:00:00","slug":"20240605943766","status":"publish","type":"post","link":"https:\/\/www.yvelinesradio.com\/radio\/2024\/06\/04\/20240605943766\/","title":{"rendered":"Rencontre avec la musique"},"content":{"rendered":"<figure class=\"wp-block-image size-full\"><img decoding=\"async\" src=\"https:\/\/www.yvelinesradio.com\/infos\/emissions\/PIERRE_MINVIELLE_SEBASTIA__Rencontre_avec_la_musique__5039511466.png\"alt=\"\" class=\"wp-image-32\" \/><\/figure><figure class=\"wp-block-audio\"><audio controls src=\"https:\/\/www.yvelinesradio.com\/infos\/emissions\/PIERRE_MINVIELLE_SEBASTIA__Rencontre_avec_la_musique__8546367632.mp3\"><\/audio><\/figure><p> Var\u00e8se lui enseigne le son \u00ab mati\u00e8re \u00bb et bouleverse radicalement son approche de la musique. De l&rsquo;enseignement de son ma\u00eetre, Jolivet dit plus tard : \u00ab Avant Var\u00e8se, j&rsquo;\u00e9crivais avec des notes, apr\u00e8s Var\u00e8se, je composais avec des sons \u00bb.<\/p>","protected":false},"excerpt":{"rendered":"<p>Var\u00e8se lui enseigne le son \u00ab mati\u00e8re \u00bb et bouleverse radicalement son approche de la musique. De l&rsquo;enseignement de son ma\u00eetre, Jolivet dit plus tard : \u00ab Avant Var\u00e8se, j&rsquo;\u00e9crivais avec des notes, apr\u00e8s Var\u00e8se, je composais avec des sons \u00bb.<\/p>\n","protected":false},"author":16,"featured_media":0,"comment_status":"closed","ping_status":"open","sticky":false,"template":"","format":"standard","meta":{"footnotes":""},"categories":[],"tags":[],"_links":{"self":[{"href":"https:\/\/www.yvelinesradio.com\/radio\/wp-json\/wp\/v2\/posts\/943"}],"collection":[{"href":"https:\/\/www.yvelinesradio.com\/radio\/wp-json\/wp\/v2\/posts"}],"about":[{"href":"https:\/\/www.yvelinesradio.com\/radio\/wp-json\/wp\/v2\/types\/post"}],"author":[{"embeddable":true,"href":"https:\/\/www.yvelinesradio.com\/radio\/wp-json\/wp\/v2\/users\/16"}],"replies":[{"embeddable":true,"href":"https:\/\/www.yvelinesradio.com\/radio\/wp-json\/wp\/v2\/comments?post=943"}],"version-history":[{"count":0,"href":"https:\/\/www.yvelinesradio.com\/radio\/wp-json\/wp\/v2\/posts\/943\/revisions"}],"wp:attachment":[{"href":"https:\/\/www.yvelinesradio.com\/radio\/wp-json\/wp\/v2\/media?parent=943"}],"wp:term":[{"taxonomy":"category","embeddable":true,"href":"https:\/\/www.yvelinesradio.com\/radio\/wp-json\/wp\/v2\/categories?post=943"},{"taxonomy":"post_tag","embeddable":true,"href":"https:\/\/www.yvelinesradio.com\/radio\/wp-json\/wp\/v2\/tags?post=943"}],"curies":[{"name":"wp","href":"https:\/\/api.w.org\/{rel}","templated":true}]}}