{"id":941,"date":"2024-06-02T00:00:00","date_gmt":"2024-06-02T00:00:00","guid":{"rendered":""},"modified":"2024-06-02T00:00:00","modified_gmt":"2024-06-02T00:00:00","slug":"20240604503168","status":"publish","type":"post","link":"https:\/\/www.yvelinesradio.com\/radio\/2024\/06\/02\/20240604503168\/","title":{"rendered":"La derni\u00e8re cr\u00e9ation de DENIS CHERER"},"content":{"rendered":"<figure class=\"wp-block-image size-full\"><img decoding=\"async\" src=\"https:\/\/www.yvelinesradio.com\/infos\/chroniques\/SORTIES_A_PARIS__La_derni_re_cr_ation_de_DENIS_CHERER__1059791894.jpg\"alt=\"\" class=\"wp-image-32\" \/><\/figure><figure class=\"wp-block-audio\"><audio controls src=\"https:\/\/www.yvelinesradio.com\/infos\/chroniques\/SORTIES_A_PARIS__La_derni_re_cr_ation_de_DENIS_CHERER__9224078241.mp3\"><\/audio><\/figure><p>Le samedi 1er Juin, Denis CHERER,  a propos\u00e9, \u00e0 Paris,  une avant-premi\u00e8re de son seul en sc\u00e8ne, qu&rsquo;il va jouer lors de l&rsquo;\u00e9dition 2024 du Festival Off en Avignon.\r\n\r\nDaniel y \u00e9tait, pour Sorties \u00e0 Paris, et il a pass\u00e9 une tr\u00e8s bonne soir\u00e9e, avec un spectacle original, qu&rsquo;il vous recommande.\r\n\r\nMoi, j&rsquo;ai gard\u00e9 un tr\u00e8s bon souvenir de sa pi\u00e8ce \u00ab\u00a0Les N\u009cuds au Mouchoir\u00a0\u00bb, o\u00f9 il a fait monter sur sc\u00e8ne An\u00e9mone, pour la derni\u00e8re fois de sa vie.\r\n\r\nDans ce nouveau spectacle, il y a une analyse  tr\u00e8s dr\u00f4le, de la pand\u00e9mie du Covid, qui nous a tous fait perdre beaucoup de temps&#8230;\r\n\r\nIl sera donc au Th\u00e9\u00e2tre LE VIEUX SAGE, du 29 Juin au 21 Juillet, chaque jour \u00e0 20h30.\r\n\r\n(Rel\u00e2ches les 1, 8, 15 Juillet)\r\n\r\nEt j&rsquo;esp\u00e8re aller le voir, \u00e0 Paris, d\u00e8s la rentr\u00e9e&#8230;\r\n\r\n \r\n\r\n\r\n \r\n\r\nTH\u00c9\u00c2TRE LE VIEUX SAGE\r\n\r\n07 69 25 30 44\r\n\r\n \r\n\r\n \r\n\r\nRobert BONNARDOT\r\n\r\n<\/p>","protected":false},"excerpt":{"rendered":"<p>Le samedi 1er Juin, Denis CHERER, a propos\u00e9, \u00e0 Paris, une avant-premi\u00e8re de son seul en sc\u00e8ne, qu&rsquo;il va jouer lors de l&rsquo;\u00e9dition 2024 du Festival Off en Avignon. Daniel y \u00e9tait, pour Sorties \u00e0 Paris, et il a pass\u00e9 une tr\u00e8s bonne soir\u00e9e, avec un spectacle original, qu&rsquo;il vous recommande. Moi, j&rsquo;ai gard\u00e9 un [&hellip;]<\/p>\n","protected":false},"author":11,"featured_media":0,"comment_status":"closed","ping_status":"open","sticky":false,"template":"","format":"standard","meta":{"footnotes":""},"categories":[],"tags":[],"_links":{"self":[{"href":"https:\/\/www.yvelinesradio.com\/radio\/wp-json\/wp\/v2\/posts\/941"}],"collection":[{"href":"https:\/\/www.yvelinesradio.com\/radio\/wp-json\/wp\/v2\/posts"}],"about":[{"href":"https:\/\/www.yvelinesradio.com\/radio\/wp-json\/wp\/v2\/types\/post"}],"author":[{"embeddable":true,"href":"https:\/\/www.yvelinesradio.com\/radio\/wp-json\/wp\/v2\/users\/11"}],"replies":[{"embeddable":true,"href":"https:\/\/www.yvelinesradio.com\/radio\/wp-json\/wp\/v2\/comments?post=941"}],"version-history":[{"count":0,"href":"https:\/\/www.yvelinesradio.com\/radio\/wp-json\/wp\/v2\/posts\/941\/revisions"}],"wp:attachment":[{"href":"https:\/\/www.yvelinesradio.com\/radio\/wp-json\/wp\/v2\/media?parent=941"}],"wp:term":[{"taxonomy":"category","embeddable":true,"href":"https:\/\/www.yvelinesradio.com\/radio\/wp-json\/wp\/v2\/categories?post=941"},{"taxonomy":"post_tag","embeddable":true,"href":"https:\/\/www.yvelinesradio.com\/radio\/wp-json\/wp\/v2\/tags?post=941"}],"curies":[{"name":"wp","href":"https:\/\/api.w.org\/{rel}","templated":true}]}}