{"id":935,"date":"2024-05-31T00:00:00","date_gmt":"2024-05-31T00:00:00","guid":{"rendered":""},"modified":"2024-05-31T00:00:00","modified_gmt":"2024-05-31T00:00:00","slug":"20240602523267","status":"publish","type":"post","link":"https:\/\/www.yvelinesradio.com\/radio\/2024\/05\/31\/20240602523267\/","title":{"rendered":"\u00ab\u00a0MONSTRS\u00a0\u00bb en avant-premi\u00e8res \u00e0 PARIS"},"content":{"rendered":"<figure class=\"wp-block-image size-full\"><img decoding=\"async\" src=\"https:\/\/www.yvelinesradio.com\/infos\/chroniques\/SORTIES_A_PARIS___MONSTRS__en_avant_premi_res___PARIS__4724399371.jpg\"alt=\"\" class=\"wp-image-32\" \/><\/figure><figure class=\"wp-block-audio\"><audio controls src=\"https:\/\/www.yvelinesradio.com\/infos\/chroniques\/SORTIES_A_PARIS___MONSTRS__en_avant_premi_res___PARIS__0610386795.mp3\"><\/audio><\/figure><p>\u00ab\u00a0MONSTRES\u00a0\u00bb est propos\u00e9 \u00e0 Paris, en Avant-Premi\u00e8re, avant sa participation au Festival Off, en Avignon, 2024.\r\n\r\n\u00ab\u00a0Deux ans apr\u00e8s leur sortie d\u0092\u00e9cole, quelques seconds r\u00f4les plus tard et des r\u00eaves de r\u00e9ussite pleins la t\u00eate, Am\u00e9d\u00e9e, Sara, Ang\u00e8le et No\u00e9 jeunes com\u00e9diens se retrouvent, bien d\u00e9cid\u00e9s \u00e0 monter le spectacle qui les propulsera tout en haut de l\u0092affiche: une cr\u00e9ation de No\u00e9 inspir\u00e9e de l\u0092oeuvre de Simone Schwarz-Bart. Entre l\u0092excitation des premi\u00e8res r\u00e9p\u00e9titions, les soir\u00e9es bien arros\u00e9es entre copains, et l\u0092impatience des com\u00e9diens, tout le monde est ravi. Mais la cr\u00e9ation de No\u00e9 ne r\u00e9sonne pas pour tous de la m\u00eame mani\u00e8re\u0085\u00a0\u00bb\r\n\r\nUne pi\u00e8ce de: \u00c9lisa SITBON KENDALL, avec la participation artistique de Olenka ILUNGA.\r\n\r\n \r\n\r\nAvec:\r\n\r\nBonnie CHARL\u00c8S, qui est SARA\r\n\r\nJacques-No\u00ebl DELGADO, qui est Am\u00e9d\u00e9\r\n\r\nOlenka ILUNGA, qui est Ang\u00e8le\r\n\r\nKerwan NORMANT, qui est No\u00e9.\r\n\r\n \r\n\r\nMise en Sc\u00e8ne: \u00c9lisa SITBON KENDALL &#038; Ga\u00efl-Ann WILLIG\r\n\r\nDu Mercredi 5 au Samedi 8 Juin \u00e0 19h00\r\n\r\nEt, en prime, le Dimanche 9 Juin \u00e0 15h00\r\n\r\n\r\nTH\u00c9\u00c2TRE DU LAVOIR MODERNE PARISIEN\r\n\r\n01 46 06 08 05\r\n\r\n \r\n\r\nEt au Festival:\r\n\r\nDu 29 Juin au 21 Juillet 2024 \u00e0 17h35\r\n\r\n(Relaches les Mardis)\r\n\r\n\r\n \r\n\r\nLA FACTORY &#8211; TH\u00c9\u00c2TRE DE L&rsquo;OULLE\r\n\r\n09  74 74 64 90\r\n\r\n \r\n\r\n \r\n\r\nDur\u00e9e: 1h00\r\n\r\n \r\n\r\n \r\n\r\nRobert BONNARDOT<\/p>","protected":false},"excerpt":{"rendered":"<p>\u00ab\u00a0MONSTRES\u00a0\u00bb est propos\u00e9 \u00e0 Paris, en Avant-Premi\u00e8re, avant sa participation au Festival Off, en Avignon, 2024. \u00ab\u00a0Deux ans apr\u00e8s leur sortie d\u0092\u00e9cole, quelques seconds r\u00f4les plus tard et des r\u00eaves de r\u00e9ussite pleins la t\u00eate, Am\u00e9d\u00e9e, Sara, Ang\u00e8le et No\u00e9 jeunes com\u00e9diens se retrouvent, bien d\u00e9cid\u00e9s \u00e0 monter le spectacle qui les propulsera tout en [&hellip;]<\/p>\n","protected":false},"author":11,"featured_media":0,"comment_status":"closed","ping_status":"open","sticky":false,"template":"","format":"standard","meta":{"footnotes":""},"categories":[],"tags":[],"_links":{"self":[{"href":"https:\/\/www.yvelinesradio.com\/radio\/wp-json\/wp\/v2\/posts\/935"}],"collection":[{"href":"https:\/\/www.yvelinesradio.com\/radio\/wp-json\/wp\/v2\/posts"}],"about":[{"href":"https:\/\/www.yvelinesradio.com\/radio\/wp-json\/wp\/v2\/types\/post"}],"author":[{"embeddable":true,"href":"https:\/\/www.yvelinesradio.com\/radio\/wp-json\/wp\/v2\/users\/11"}],"replies":[{"embeddable":true,"href":"https:\/\/www.yvelinesradio.com\/radio\/wp-json\/wp\/v2\/comments?post=935"}],"version-history":[{"count":0,"href":"https:\/\/www.yvelinesradio.com\/radio\/wp-json\/wp\/v2\/posts\/935\/revisions"}],"wp:attachment":[{"href":"https:\/\/www.yvelinesradio.com\/radio\/wp-json\/wp\/v2\/media?parent=935"}],"wp:term":[{"taxonomy":"category","embeddable":true,"href":"https:\/\/www.yvelinesradio.com\/radio\/wp-json\/wp\/v2\/categories?post=935"},{"taxonomy":"post_tag","embeddable":true,"href":"https:\/\/www.yvelinesradio.com\/radio\/wp-json\/wp\/v2\/tags?post=935"}],"curies":[{"name":"wp","href":"https:\/\/api.w.org\/{rel}","templated":true}]}}