{"id":932,"date":"2024-05-27T00:00:00","date_gmt":"2024-05-27T00:00:00","guid":{"rendered":""},"modified":"2024-05-27T00:00:00","modified_gmt":"2024-05-27T00:00:00","slug":"20240529707574","status":"publish","type":"post","link":"https:\/\/www.yvelinesradio.com\/radio\/2024\/05\/27\/20240529707574\/","title":{"rendered":"Fran\u00e7oise MIQUELIS 1962-2024"},"content":{"rendered":"<figure class=\"wp-block-image size-full\"><img decoding=\"async\" src=\"https:\/\/www.yvelinesradio.com\/infos\/chroniques\/SORTIES_A_PARIS__Fran_oise_MIQUELIS____________8457681220.jpg\"alt=\"\" class=\"wp-image-32\" \/><\/figure><figure class=\"wp-block-audio\"><audio controls src=\"https:\/\/www.yvelinesradio.com\/infos\/chroniques\/SORTIES_A_PARIS__Fran_oise_MIQUELIS____________0308495670.mp3\"><\/audio><\/figure><p>J&rsquo;ai appris aujourd&rsquo;hui la disparition d&rsquo;une com\u00e9dienne, qui a fait rire un tr\u00e8s nombreux public.\r\n\r\nFran\u00e7oise MIQUELIS.\r\n\r\nLa toute premi\u00e8re fois, je l&rsquo;ai d\u00e9couverte gr\u00e2ce \u00e0 une affiche propos\u00e9e:,  par Virginie LEMOINE,  \u00a0\u00bb LE BAL\u00a0\u00bbau Th\u00e9\u00e2tre de la Huchette.\r\n\r\nC&rsquo;\u00e9tait en 2013, et je disais:\r\n\r\n\u00a0\u00bb Des com\u00e9diens, comme on aimerait en voir tous les soirs\u00a0\u00bb.\r\n\r\nEt quel plaisir de l&rsquo;applaudir dans \u00ab\u00a0LE BANQUET\u00a0\u00bb propos\u00e9 par Mathilda MAY, que j&rsquo;ai vu une premi\u00e8re fois en 2018, et revu par pure gourmandise en 2020.\r\n\r\nJe ne sais rien de sa vie, mais quel regret de perdre une artiste comme elle, \u00e0 un \u00e2ge o\u00f9 nous aurions encore pu l&rsquo;applaudir, avec plaisir.\r\n\r\n \r\n\r\n\r\nCondol\u00e9ances attrist\u00e9es!\r\n\r\n \r\n\r\nRobert BONNARDOT<\/p>","protected":false},"excerpt":{"rendered":"<p>J&rsquo;ai appris aujourd&rsquo;hui la disparition d&rsquo;une com\u00e9dienne, qui a fait rire un tr\u00e8s nombreux public. Fran\u00e7oise MIQUELIS. La toute premi\u00e8re fois, je l&rsquo;ai d\u00e9couverte gr\u00e2ce \u00e0 une affiche propos\u00e9e:, par Virginie LEMOINE, \u00a0\u00bb LE BAL\u00a0\u00bbau Th\u00e9\u00e2tre de la Huchette. C&rsquo;\u00e9tait en 2013, et je disais: \u00a0\u00bb Des com\u00e9diens, comme on aimerait en voir tous les [&hellip;]<\/p>\n","protected":false},"author":11,"featured_media":0,"comment_status":"closed","ping_status":"open","sticky":false,"template":"","format":"standard","meta":{"footnotes":""},"categories":[],"tags":[],"_links":{"self":[{"href":"https:\/\/www.yvelinesradio.com\/radio\/wp-json\/wp\/v2\/posts\/932"}],"collection":[{"href":"https:\/\/www.yvelinesradio.com\/radio\/wp-json\/wp\/v2\/posts"}],"about":[{"href":"https:\/\/www.yvelinesradio.com\/radio\/wp-json\/wp\/v2\/types\/post"}],"author":[{"embeddable":true,"href":"https:\/\/www.yvelinesradio.com\/radio\/wp-json\/wp\/v2\/users\/11"}],"replies":[{"embeddable":true,"href":"https:\/\/www.yvelinesradio.com\/radio\/wp-json\/wp\/v2\/comments?post=932"}],"version-history":[{"count":0,"href":"https:\/\/www.yvelinesradio.com\/radio\/wp-json\/wp\/v2\/posts\/932\/revisions"}],"wp:attachment":[{"href":"https:\/\/www.yvelinesradio.com\/radio\/wp-json\/wp\/v2\/media?parent=932"}],"wp:term":[{"taxonomy":"category","embeddable":true,"href":"https:\/\/www.yvelinesradio.com\/radio\/wp-json\/wp\/v2\/categories?post=932"},{"taxonomy":"post_tag","embeddable":true,"href":"https:\/\/www.yvelinesradio.com\/radio\/wp-json\/wp\/v2\/tags?post=932"}],"curies":[{"name":"wp","href":"https:\/\/api.w.org\/{rel}","templated":true}]}}