{"id":931,"date":"2024-05-28T00:00:00","date_gmt":"2024-05-28T00:00:00","guid":{"rendered":""},"modified":"2024-05-28T00:00:00","modified_gmt":"2024-05-28T00:00:00","slug":"20240529588502","status":"publish","type":"post","link":"https:\/\/www.yvelinesradio.com\/radio\/2024\/05\/28\/20240529588502\/","title":{"rendered":"\u00ab\u00a01 H AVEC&#8230; \u00a0\u00bb ELISE GIUILIANI ET SARAH MOSTREL"},"content":{"rendered":"<figure class=\"wp-block-image size-full\"><img decoding=\"async\" src=\"https:\/\/www.yvelinesradio.com\/infos\/emissions\/FRANCOIS_JOYEUX_____H_AVEC______ELISE_GIUILIANI_ET_SARAH___5029255359.jpg\"alt=\"\" class=\"wp-image-32\" \/><\/figure><figure class=\"wp-block-audio\"><audio controls src=\"https:\/\/www.yvelinesradio.com\/infos\/emissions\/FRANCOIS_JOYEUX_____H_AVEC______ELISE_GIUILIANI_ET_SARAH___7640029839.mp3\"><\/audio><\/figure><p> \u00a0\u00bb Une Heure Avec&#8230;\u00a0\u00bb Elise Giuliani pour son spectacle \u00a0\u00bb Une Belle Bourrine\u00a0\u00bb (Le Lieu, Paris &#038; Avignon 2024) et Sarah Mostrel pour son album \u00ab\u00a0Train de vie\u00a0\u00bb et son nouveau livre \u00ab\u00a0Femmes inspirantes\u00a0\u00bb\r\nhttps:\/\/www.billetreduc.com\/330152\/evt.htm\r\n<iframe loading=\"lazy\" title=\"Train de vie\" type=\"text\/html\" width=\"500\" height=\"550\" frameborder=\"0\" allowfullscreen style=\"max-width:100%\" src=\"https:\/\/lire.amazon.fr\/kp\/card?preview=inline&#038;linkCode=kpd&#038;ref_=k4w_oembed_dcf686rOY5jD23&#038;asin=B0CMQK1TQF&#038;tag=kpembed-20\"><\/iframe>\r\nhttps:\/\/booknode.com\/femmes_inspirantes_03537334\r\n\u00e9mission enregistr\u00e9e \u00e0 l&rsquo;auguste th\u00e9\u00e2tre a paris\r\nhttps:\/\/www.augustetheatre.com\/<\/p>","protected":false},"excerpt":{"rendered":"<p>\u00a0\u00bb Une Heure Avec&#8230;\u00a0\u00bb Elise Giuliani pour son spectacle \u00a0\u00bb Une Belle Bourrine\u00a0\u00bb (Le Lieu, Paris &#038; Avignon 2024) et Sarah Mostrel pour son album \u00ab\u00a0Train de vie\u00a0\u00bb et son nouveau livre \u00ab\u00a0Femmes inspirantes\u00a0\u00bb https:\/\/www.billetreduc.com\/330152\/evt.htm https:\/\/booknode.com\/femmes_inspirantes_03537334 \u00e9mission enregistr\u00e9e \u00e0 l&rsquo;auguste th\u00e9\u00e2tre a paris https:\/\/www.augustetheatre.com\/<\/p>\n","protected":false},"author":17,"featured_media":0,"comment_status":"closed","ping_status":"open","sticky":false,"template":"","format":"standard","meta":{"footnotes":""},"categories":[],"tags":[],"_links":{"self":[{"href":"https:\/\/www.yvelinesradio.com\/radio\/wp-json\/wp\/v2\/posts\/931"}],"collection":[{"href":"https:\/\/www.yvelinesradio.com\/radio\/wp-json\/wp\/v2\/posts"}],"about":[{"href":"https:\/\/www.yvelinesradio.com\/radio\/wp-json\/wp\/v2\/types\/post"}],"author":[{"embeddable":true,"href":"https:\/\/www.yvelinesradio.com\/radio\/wp-json\/wp\/v2\/users\/17"}],"replies":[{"embeddable":true,"href":"https:\/\/www.yvelinesradio.com\/radio\/wp-json\/wp\/v2\/comments?post=931"}],"version-history":[{"count":0,"href":"https:\/\/www.yvelinesradio.com\/radio\/wp-json\/wp\/v2\/posts\/931\/revisions"}],"wp:attachment":[{"href":"https:\/\/www.yvelinesradio.com\/radio\/wp-json\/wp\/v2\/media?parent=931"}],"wp:term":[{"taxonomy":"category","embeddable":true,"href":"https:\/\/www.yvelinesradio.com\/radio\/wp-json\/wp\/v2\/categories?post=931"},{"taxonomy":"post_tag","embeddable":true,"href":"https:\/\/www.yvelinesradio.com\/radio\/wp-json\/wp\/v2\/tags?post=931"}],"curies":[{"name":"wp","href":"https:\/\/api.w.org\/{rel}","templated":true}]}}