{"id":930,"date":"2024-05-28T00:00:00","date_gmt":"2024-05-28T00:00:00","guid":{"rendered":""},"modified":"2024-05-28T00:00:00","modified_gmt":"2024-05-28T00:00:00","slug":"20240529233404","status":"publish","type":"post","link":"https:\/\/www.yvelinesradio.com\/radio\/2024\/05\/28\/20240529233404\/","title":{"rendered":"\u00ab\u00a0FACE AU PEUPLE\u00a0\u00bb de et avec P\u00cfERRE EMONOT"},"content":{"rendered":"<figure class=\"wp-block-image size-full\"><img decoding=\"async\" src=\"https:\/\/www.yvelinesradio.com\/infos\/chroniques\/SORTIES_A_PARIS___FACE_AU_PEUPLE__de_et_avec_P_ERRE_EMONO__4507838974.jpg\"alt=\"\" class=\"wp-image-32\" \/><\/figure><figure class=\"wp-block-audio\"><audio controls src=\"https:\/\/www.yvelinesradio.com\/infos\/chroniques\/SORTIES_A_PARIS___FACE_AU_PEUPLE__de_et_avec_P_ERRE_EMONO__6161325174.mp3\"><\/audio><\/figure><p>Sous son air distingu\u00e9, il est capable de dire des horreurs. Il a \u00e9t\u00e9 le laur\u00e9at de nombreux Prix de l&rsquo;humour.\r\n\r\nAnne, a vu cette avant-premi\u00e8re pour Sorties \u00e0 Paris, et elle dit:\r\n\r\n\u00ab\u00a0J&rsquo;ai vraiment appr\u00e9ci\u00e9 de d\u00e9couvrir cet artste qui manie l&rsquo;auto-d\u00e9rision avec panache.\r\n\r\nDifficile de ne pas penser \u00e0 Fabrice Lucchini, et pourtant une vraie personnalit\u00e9 se fait jour.\r\n\r\nC&rsquo;est bien \u00e9crit, j&rsquo;ai vraiment pass\u00e9 un bon moment. Et le public aussi, l&rsquo;ovation chaleureuse de la salle en est la meilleure preuve\u00a0\u00bb.\r\n\r\nCe spectacle est une carte de visite, qui nous permet de vous annoncer qu&rsquo;il sera au Festival Off en Avignon 2024:\r\n\r\nDu 29 Juin au 21 Juillet.\r\n\r\nTh\u00e9\u00e2tre de la Tache d&rsquo;Encre, chaque jour \u00e0 14h00\r\n\r\nApr\u00e8s ce c\u00e9l\u00e8bre festival, il partira en tourn\u00e9e:\r\n\r\nLa Rochelle  le 21 Septembre\r\n\r\nSix Fours      le 18 Octobre\r\n\r\nAix-en-Provence le 22 Novembre\r\n\r\nClermont-Ferrand les 27 et 28 Novembre.\r\n\r\n\u00c0 suivre&#8230; Et \u00e0 ne pas rater !\r\n\r\n \r\n\r\n\r\n \r\n\r\nTH\u00c9\u00c2TRE DE LA TACHE D&rsquo;ENCRE\r\n\r\n04 90 85 97 13\r\n\r\n \r\n\r\n \r\n\r\nRobert BONNARDOT<\/p>","protected":false},"excerpt":{"rendered":"<p>Sous son air distingu\u00e9, il est capable de dire des horreurs. Il a \u00e9t\u00e9 le laur\u00e9at de nombreux Prix de l&rsquo;humour. Anne, a vu cette avant-premi\u00e8re pour Sorties \u00e0 Paris, et elle dit: \u00ab\u00a0J&rsquo;ai vraiment appr\u00e9ci\u00e9 de d\u00e9couvrir cet artste qui manie l&rsquo;auto-d\u00e9rision avec panache. Difficile de ne pas penser \u00e0 Fabrice Lucchini, et pourtant [&hellip;]<\/p>\n","protected":false},"author":11,"featured_media":0,"comment_status":"closed","ping_status":"open","sticky":false,"template":"","format":"standard","meta":{"footnotes":""},"categories":[],"tags":[],"_links":{"self":[{"href":"https:\/\/www.yvelinesradio.com\/radio\/wp-json\/wp\/v2\/posts\/930"}],"collection":[{"href":"https:\/\/www.yvelinesradio.com\/radio\/wp-json\/wp\/v2\/posts"}],"about":[{"href":"https:\/\/www.yvelinesradio.com\/radio\/wp-json\/wp\/v2\/types\/post"}],"author":[{"embeddable":true,"href":"https:\/\/www.yvelinesradio.com\/radio\/wp-json\/wp\/v2\/users\/11"}],"replies":[{"embeddable":true,"href":"https:\/\/www.yvelinesradio.com\/radio\/wp-json\/wp\/v2\/comments?post=930"}],"version-history":[{"count":0,"href":"https:\/\/www.yvelinesradio.com\/radio\/wp-json\/wp\/v2\/posts\/930\/revisions"}],"wp:attachment":[{"href":"https:\/\/www.yvelinesradio.com\/radio\/wp-json\/wp\/v2\/media?parent=930"}],"wp:term":[{"taxonomy":"category","embeddable":true,"href":"https:\/\/www.yvelinesradio.com\/radio\/wp-json\/wp\/v2\/categories?post=930"},{"taxonomy":"post_tag","embeddable":true,"href":"https:\/\/www.yvelinesradio.com\/radio\/wp-json\/wp\/v2\/tags?post=930"}],"curies":[{"name":"wp","href":"https:\/\/api.w.org\/{rel}","templated":true}]}}