{"id":89,"date":"2024-04-02T00:00:00","date_gmt":"2024-04-02T00:00:00","guid":{"rendered":""},"modified":"2024-04-02T00:00:00","modified_gmt":"2024-04-02T00:00:00","slug":"20240527298421","status":"publish","type":"post","link":"https:\/\/www.yvelinesradio.com\/radio\/2024\/04\/02\/20240527298421\/","title":{"rendered":"Rencontre avec la musique"},"content":{"rendered":"<figure class=\"wp-block-image size-full\"><img decoding=\"async\" src=\"https:\/\/www.yvelinesradio.com\/infos\/emissions\/PIERRE_MINVIELLE_SEBASTIA__Rencontre_avec_la_musique__0870611164.png\"alt=\"\" class=\"wp-image-32\" \/><\/figure><figure class=\"wp-block-audio\"><audio controls src=\"https:\/\/www.yvelinesradio.com\/infos\/emissions\/PIERRE_MINVIELLE_SEBASTIA__Rencontre_avec_la_musique__0283180272.mp3\"><\/audio><\/figure><p>La popularit\u00e9 du recueil connut un regain au XXe si\u00e8cle gr\u00e2ce au vif succ\u00e8s de l&rsquo;\u009cuvre musicale de Carl Orff du m\u00eame nom, Carmina Burana, compos\u00e9e en 1935-1936, dans laquelle Orff reprend vingt-quatre des chants du manuscrit. <\/p>","protected":false},"excerpt":{"rendered":"<p>La popularit\u00e9 du recueil connut un regain au XXe si\u00e8cle gr\u00e2ce au vif succ\u00e8s de l&rsquo;\u009cuvre musicale de Carl Orff du m\u00eame nom, Carmina Burana, compos\u00e9e en 1935-1936, dans laquelle Orff reprend vingt-quatre des chants du manuscrit.<\/p>\n","protected":false},"author":16,"featured_media":0,"comment_status":"closed","ping_status":"open","sticky":false,"template":"","format":"standard","meta":{"footnotes":""},"categories":[],"tags":[],"_links":{"self":[{"href":"https:\/\/www.yvelinesradio.com\/radio\/wp-json\/wp\/v2\/posts\/89"}],"collection":[{"href":"https:\/\/www.yvelinesradio.com\/radio\/wp-json\/wp\/v2\/posts"}],"about":[{"href":"https:\/\/www.yvelinesradio.com\/radio\/wp-json\/wp\/v2\/types\/post"}],"author":[{"embeddable":true,"href":"https:\/\/www.yvelinesradio.com\/radio\/wp-json\/wp\/v2\/users\/16"}],"replies":[{"embeddable":true,"href":"https:\/\/www.yvelinesradio.com\/radio\/wp-json\/wp\/v2\/comments?post=89"}],"version-history":[{"count":0,"href":"https:\/\/www.yvelinesradio.com\/radio\/wp-json\/wp\/v2\/posts\/89\/revisions"}],"wp:attachment":[{"href":"https:\/\/www.yvelinesradio.com\/radio\/wp-json\/wp\/v2\/media?parent=89"}],"wp:term":[{"taxonomy":"category","embeddable":true,"href":"https:\/\/www.yvelinesradio.com\/radio\/wp-json\/wp\/v2\/categories?post=89"},{"taxonomy":"post_tag","embeddable":true,"href":"https:\/\/www.yvelinesradio.com\/radio\/wp-json\/wp\/v2\/tags?post=89"}],"curies":[{"name":"wp","href":"https:\/\/api.w.org\/{rel}","templated":true}]}}