{"id":84,"date":"2024-04-08T00:00:00","date_gmt":"2024-04-08T00:00:00","guid":{"rendered":""},"modified":"2024-04-08T00:00:00","modified_gmt":"2024-04-08T00:00:00","slug":"20240527167626","status":"publish","type":"post","link":"https:\/\/www.yvelinesradio.com\/radio\/2024\/04\/08\/20240527167626\/","title":{"rendered":"Au pays des chansons"},"content":{"rendered":"<figure class=\"wp-block-image size-full\"><img decoding=\"async\" src=\"https:\/\/www.yvelinesradio.com\/infos\/emissions\/PIERRE_MINVIELLE_SEBASTIA__Au_pays_des_chansons__6126336387.jpg\"alt=\"\" class=\"wp-image-32\" \/><\/figure><figure class=\"wp-block-audio\"><audio controls src=\"https:\/\/www.yvelinesradio.com\/infos\/emissions\/PIERRE_MINVIELLE_SEBASTIA__Au_pays_des_chansons__3965794768.mp3\"><\/audio><\/figure><p>Pia Colombo est une chanteuse fran\u00e7aise, d&rsquo;origine franco-italienne. Elle fut \u00e9galement com\u00e9dienne de th\u00e9\u00e2tre et a fait quelques apparitions au cin\u00e9ma. <\/p>","protected":false},"excerpt":{"rendered":"<p>Pia Colombo est une chanteuse fran\u00e7aise, d&rsquo;origine franco-italienne. Elle fut \u00e9galement com\u00e9dienne de th\u00e9\u00e2tre et a fait quelques apparitions au cin\u00e9ma.<\/p>\n","protected":false},"author":16,"featured_media":0,"comment_status":"closed","ping_status":"open","sticky":false,"template":"","format":"standard","meta":{"footnotes":""},"categories":[],"tags":[],"_links":{"self":[{"href":"https:\/\/www.yvelinesradio.com\/radio\/wp-json\/wp\/v2\/posts\/84"}],"collection":[{"href":"https:\/\/www.yvelinesradio.com\/radio\/wp-json\/wp\/v2\/posts"}],"about":[{"href":"https:\/\/www.yvelinesradio.com\/radio\/wp-json\/wp\/v2\/types\/post"}],"author":[{"embeddable":true,"href":"https:\/\/www.yvelinesradio.com\/radio\/wp-json\/wp\/v2\/users\/16"}],"replies":[{"embeddable":true,"href":"https:\/\/www.yvelinesradio.com\/radio\/wp-json\/wp\/v2\/comments?post=84"}],"version-history":[{"count":0,"href":"https:\/\/www.yvelinesradio.com\/radio\/wp-json\/wp\/v2\/posts\/84\/revisions"}],"wp:attachment":[{"href":"https:\/\/www.yvelinesradio.com\/radio\/wp-json\/wp\/v2\/media?parent=84"}],"wp:term":[{"taxonomy":"category","embeddable":true,"href":"https:\/\/www.yvelinesradio.com\/radio\/wp-json\/wp\/v2\/categories?post=84"},{"taxonomy":"post_tag","embeddable":true,"href":"https:\/\/www.yvelinesradio.com\/radio\/wp-json\/wp\/v2\/tags?post=84"}],"curies":[{"name":"wp","href":"https:\/\/api.w.org\/{rel}","templated":true}]}}