{"id":632,"date":"2024-04-02T00:00:00","date_gmt":"2024-04-02T00:00:00","guid":{"rendered":""},"modified":"2024-04-02T00:00:00","modified_gmt":"2024-04-02T00:00:00","slug":"20240527938266","status":"publish","type":"post","link":"https:\/\/www.yvelinesradio.com\/radio\/2024\/04\/02\/20240527938266\/","title":{"rendered":"\u00ab\u00a0LE RADEAU DE LA M\u00c9DUSE\u00a0\u00bb \u00e0 La Com\u00e9die Bastille"},"content":{"rendered":"<figure class=\"wp-block-image size-full\"><img decoding=\"async\" src=\"https:\/\/www.yvelinesradio.com\/infos\/chroniques\/SORTIES_A_PARIS___LE_RADEAU_DE_LA_M_DUSE____La_Com_die_Ba__6516113981.jpg\"alt=\"\" class=\"wp-image-32\" \/><\/figure><figure class=\"wp-block-audio\"><audio controls src=\"https:\/\/www.yvelinesradio.com\/infos\/chroniques\/SORTIES_A_PARIS___LE_RADEAU_DE_LA_M_DUSE____La_Com_die_Ba__5165826179.mp3\"><\/audio><\/figure><p>\u00ab\u00a0Le Radeau de la M\u00e9duse\u00a0\u00bb, c&rsquo;est un c\u00e9l\u00e8bre tableau de G\u00e9ricault, qui &#8211; en son temps &#8211;  a fait scandale.\r\n\r\nGr\u00e2ce \u00e0 une dr\u00f4le de conf\u00e9renci\u00e8re, vous allez d\u00e9couvrir les secrets de cette gigantesque toile, aux cimaises du Louvres, qui a choqu\u00e9 beaucoup de monde et fait vasciller le tr\u00f4ne de Louis XVIII.\r\n\r\nHuit repr\u00e9sentations exceptionnelles, de ce spectacle qu&rsquo;il ne faut pas manquer.\r\n\r\nIl est l&rsquo;\u009cuvre de Alexandre DELIMOGES, qui signait d\u00e9j\u00e0 l&rsquo;inoubliable show de M\u00e9m\u00e9 Casse-Bonbons, et les voil\u00e0 r\u00e9unis, puisque la conf\u00e9renci\u00e8re c&rsquo;est la talentueuse Anne CANGELOSI, qui \u00e9tait cette fameuse \u00ab\u00a0M\u00e9m\u00e9\u00a0\u00bb.\r\n\r\nJe vous promets, sans risque de me tromper, une tr\u00e8s bonne soir\u00e9e !!!\r\n\r\nDu 9 Avril au 29 Mai 2024\r\n\r\nLes Mardis \u00e0 19h00\r\n\r\n \r\n\r\nDur\u00e9e: 1h10\r\n\r\n \r\n\r\n\r\n \r\n\r\nTH\u00c9\u00c2TRE LA COM\u00c9DIE BASTILLE\r\n\r\n01 48 07 52 07\r\n\r\n \r\n\r\n \r\n\r\nRobert BONNARDOT\r\n\r\n<\/p>","protected":false},"excerpt":{"rendered":"<p>\u00ab\u00a0Le Radeau de la M\u00e9duse\u00a0\u00bb, c&rsquo;est un c\u00e9l\u00e8bre tableau de G\u00e9ricault, qui &#8211; en son temps &#8211; a fait scandale. Gr\u00e2ce \u00e0 une dr\u00f4le de conf\u00e9renci\u00e8re, vous allez d\u00e9couvrir les secrets de cette gigantesque toile, aux cimaises du Louvres, qui a choqu\u00e9 beaucoup de monde et fait vasciller le tr\u00f4ne de Louis XVIII. Huit repr\u00e9sentations [&hellip;]<\/p>\n","protected":false},"author":11,"featured_media":0,"comment_status":"closed","ping_status":"open","sticky":false,"template":"","format":"standard","meta":{"footnotes":""},"categories":[],"tags":[],"_links":{"self":[{"href":"https:\/\/www.yvelinesradio.com\/radio\/wp-json\/wp\/v2\/posts\/632"}],"collection":[{"href":"https:\/\/www.yvelinesradio.com\/radio\/wp-json\/wp\/v2\/posts"}],"about":[{"href":"https:\/\/www.yvelinesradio.com\/radio\/wp-json\/wp\/v2\/types\/post"}],"author":[{"embeddable":true,"href":"https:\/\/www.yvelinesradio.com\/radio\/wp-json\/wp\/v2\/users\/11"}],"replies":[{"embeddable":true,"href":"https:\/\/www.yvelinesradio.com\/radio\/wp-json\/wp\/v2\/comments?post=632"}],"version-history":[{"count":0,"href":"https:\/\/www.yvelinesradio.com\/radio\/wp-json\/wp\/v2\/posts\/632\/revisions"}],"wp:attachment":[{"href":"https:\/\/www.yvelinesradio.com\/radio\/wp-json\/wp\/v2\/media?parent=632"}],"wp:term":[{"taxonomy":"category","embeddable":true,"href":"https:\/\/www.yvelinesradio.com\/radio\/wp-json\/wp\/v2\/categories?post=632"},{"taxonomy":"post_tag","embeddable":true,"href":"https:\/\/www.yvelinesradio.com\/radio\/wp-json\/wp\/v2\/tags?post=632"}],"curies":[{"name":"wp","href":"https:\/\/api.w.org\/{rel}","templated":true}]}}