{"id":631,"date":"2024-04-03T00:00:00","date_gmt":"2024-04-03T00:00:00","guid":{"rendered":""},"modified":"2024-04-03T00:00:00","modified_gmt":"2024-04-03T00:00:00","slug":"2024052726943","status":"publish","type":"post","link":"https:\/\/www.yvelinesradio.com\/radio\/2024\/04\/03\/2024052726943\/","title":{"rendered":"\u00ab\u00a0I NEED A MONSTER\u00a0\u00bb au BOUFFON TH\u00c9\u00c2TRE"},"content":{"rendered":"<figure class=\"wp-block-image size-full\"><img decoding=\"async\" src=\"https:\/\/www.yvelinesradio.com\/infos\/chroniques\/SORTIES_A_PARIS___I_NEED_A_MONSTER__au_BOUFFON_TH__TRE__2581119975.jpg\"alt=\"\" class=\"wp-image-32\" \/><\/figure><figure class=\"wp-block-audio\"><audio controls src=\"https:\/\/www.yvelinesradio.com\/infos\/chroniques\/SORTIES_A_PARIS___I_NEED_A_MONSTER__au_BOUFFON_TH__TRE__6733976445.mp3\"><\/audio><\/figure><p>\u00ab\u00a0I NEED A MONSTER\u00a0\u00bb, c&rsquo;est une pi\u00e8ce tr\u00e8s trash et infiniment po\u00e9tique, sur l&rsquo;adolescence.\r\n\r\nL&rsquo;histoire de quatre jeunes, qui participent les vendredis soirs, \u00e0 un groupe de paroles et d&rsquo;expression cr\u00e9ative.\r\n\r\nUn spectacle, tout en \u00e9motion.\r\n\r\nNous le devons \u00e0 Morgane &#038; Pauline LACAILLE, et elles en signent la Mise en Sc\u00e8ne.\r\n\r\nAvec:\r\n\r\nMarie BENATI\r\n\r\nQuentin GOUVERNEUR\r\n\r\nBleuenn REGNIAU\r\n\r\nMaya SARAC\r\n\r\nMatthias SEBBANE\r\n\r\n \r\n\r\nAvec la participation d&rsquo;une talentueuse marionnettiste:\r\n\r\nCarolina CALTOEN-RODRIGUEZ\r\n\r\n \r\n\r\nJusqu&rsquo;au 4 Mai 2024\r\n\r\nLes Samedis \u00e0 20h00\r\n\r\n \r\n\r\nDur\u00e9e: 2h00\r\n\r\n \r\n\r\n\r\n \r\n\r\nBOUFFON TH\u00c9\u00c2TRE\r\n\r\n01 42 38 35 53\r\n\r\n \r\n\r\nRobert BONNARDOT<\/p>","protected":false},"excerpt":{"rendered":"<p>\u00ab\u00a0I NEED A MONSTER\u00a0\u00bb, c&rsquo;est une pi\u00e8ce tr\u00e8s trash et infiniment po\u00e9tique, sur l&rsquo;adolescence. L&rsquo;histoire de quatre jeunes, qui participent les vendredis soirs, \u00e0 un groupe de paroles et d&rsquo;expression cr\u00e9ative. Un spectacle, tout en \u00e9motion. Nous le devons \u00e0 Morgane &#038; Pauline LACAILLE, et elles en signent la Mise en Sc\u00e8ne. Avec: Marie BENATI [&hellip;]<\/p>\n","protected":false},"author":11,"featured_media":0,"comment_status":"closed","ping_status":"open","sticky":false,"template":"","format":"standard","meta":{"footnotes":""},"categories":[],"tags":[],"_links":{"self":[{"href":"https:\/\/www.yvelinesradio.com\/radio\/wp-json\/wp\/v2\/posts\/631"}],"collection":[{"href":"https:\/\/www.yvelinesradio.com\/radio\/wp-json\/wp\/v2\/posts"}],"about":[{"href":"https:\/\/www.yvelinesradio.com\/radio\/wp-json\/wp\/v2\/types\/post"}],"author":[{"embeddable":true,"href":"https:\/\/www.yvelinesradio.com\/radio\/wp-json\/wp\/v2\/users\/11"}],"replies":[{"embeddable":true,"href":"https:\/\/www.yvelinesradio.com\/radio\/wp-json\/wp\/v2\/comments?post=631"}],"version-history":[{"count":0,"href":"https:\/\/www.yvelinesradio.com\/radio\/wp-json\/wp\/v2\/posts\/631\/revisions"}],"wp:attachment":[{"href":"https:\/\/www.yvelinesradio.com\/radio\/wp-json\/wp\/v2\/media?parent=631"}],"wp:term":[{"taxonomy":"category","embeddable":true,"href":"https:\/\/www.yvelinesradio.com\/radio\/wp-json\/wp\/v2\/categories?post=631"},{"taxonomy":"post_tag","embeddable":true,"href":"https:\/\/www.yvelinesradio.com\/radio\/wp-json\/wp\/v2\/tags?post=631"}],"curies":[{"name":"wp","href":"https:\/\/api.w.org\/{rel}","templated":true}]}}