{"id":630,"date":"2024-04-05T00:00:00","date_gmt":"2024-04-05T00:00:00","guid":{"rendered":""},"modified":"2024-04-05T00:00:00","modified_gmt":"2024-04-05T00:00:00","slug":"20240527343390","status":"publish","type":"post","link":"https:\/\/www.yvelinesradio.com\/radio\/2024\/04\/05\/20240527343390\/","title":{"rendered":"\u00ab\u00a0COLETTE, L&rsquo;INDOMPTABLE\u00a0\u00bb de Gabriel L\u00c9PINGLE"},"content":{"rendered":"<figure class=\"wp-block-image size-full\"><img decoding=\"async\" src=\"https:\/\/www.yvelinesradio.com\/infos\/chroniques\/SORTIES_A_PARIS___COLETTE__L_INDOMPTABLE__de_Gabriel_L_PI__8925305792.jpg\"alt=\"\" class=\"wp-image-32\" \/><\/figure><figure class=\"wp-block-audio\"><audio controls src=\"https:\/\/www.yvelinesradio.com\/infos\/chroniques\/SORTIES_A_PARIS___COLETTE__L_INDOMPTABLE__de_Gabriel_L_PI__8144549245.mp3\"><\/audio><\/figure><p>Sans cette affiche du talentueux SEM, (1863-1934), je ne suis pas certain que j&rsquo;aurais s\u00e9lectionn\u00e9 ce spectacle, pour le d\u00e9couvrir au milieu des 600 affiches  que les th\u00e9\u00e2tres parisiens, nous proposent chaque soir.\r\n\r\nSi Monsieur Ga\u00ebl L\u00c9PINGLE a eu l&rsquo;\u00e9l\u00e9gance de ce choix, c&rsquo;\u00e9tait un signe, et j&rsquo;ai bien fait de m&rsquo;y fier.\r\n\r\n \r\n\r\nNous sommes en 1908, et Colette vient de se s\u00e9parer de son \u00ab\u00a0double\u00a0\u00bb,\r\n\r\nle talentueux Willy.\r\n\r\nElle va devenir mime, et faire partie d&rsquo;une tourn\u00e9e th\u00e9\u00e2trale, mais sa compagne la tr\u00e8s distingu\u00e9e Missy, lui fait miroiter une vie tr\u00e8s confortable&#8230;\r\n\r\nTrois artistes \u00e9poustouflants, qui nous font passer une magnifique soir\u00e9e.\r\n\r\nUne pi\u00e8ce musicale, dont chacune des notes  fleure bon le souvenir du Music-Hall, que l&rsquo;on doit \u00e0 Julien JOUBERT, qui avait d\u00e9j\u00e0 travaill\u00e9 avec Gabriel L\u00e9pingle, sur un court-m\u00e9trage.\r\n\r\nLes trois com\u00e9diens-chanteurs, qui nous enchantent, et ce n&rsquo;est pas un jeu de mots:\r\n\r\nAriane CARMIN\r\n\r\nMia DELMAE\r\n\r\nDavid KOENIG\r\n\r\nIls sont les artisans du succ\u00e8s et de la po\u00e9sie, et plus encore, de la r\u00e9ussite de cette belle repr\u00e9sentation.\r\n\r\n \r\n\r\nDur\u00e9e: 1h30\r\n\r\n \r\n\r\nLes Lundis \u00e0 19h30, jusqu&rsquo;au 6 Mai 2024\r\n\r\n\u00c0 partir du 4 Avril: Les Jeudis \u00e0 21h30, jusqu&rsquo;au 2 Mai\r\n\r\nLes Dimanches 7, 14, 21, 28 Avril \u00e0 16h30\r\n\r\nRepr\u00e9sentation Exceptionnelle: Dimanche 5 Mai 2024 \u00e0 16h45\r\n\r\n \r\n\r\n\r\n \r\n\r\nTH\u00c9\u00c2TRE MONTMARTRE GALABRU\r\n\r\n01 42 23 15 85\r\n\r\n \r\n\r\nRobert BONNARDOT<\/p>","protected":false},"excerpt":{"rendered":"<p>Sans cette affiche du talentueux SEM, (1863-1934), je ne suis pas certain que j&rsquo;aurais s\u00e9lectionn\u00e9 ce spectacle, pour le d\u00e9couvrir au milieu des 600 affiches que les th\u00e9\u00e2tres parisiens, nous proposent chaque soir. Si Monsieur Ga\u00ebl L\u00c9PINGLE a eu l&rsquo;\u00e9l\u00e9gance de ce choix, c&rsquo;\u00e9tait un signe, et j&rsquo;ai bien fait de m&rsquo;y fier. Nous sommes [&hellip;]<\/p>\n","protected":false},"author":11,"featured_media":0,"comment_status":"closed","ping_status":"open","sticky":false,"template":"","format":"standard","meta":{"footnotes":""},"categories":[],"tags":[],"_links":{"self":[{"href":"https:\/\/www.yvelinesradio.com\/radio\/wp-json\/wp\/v2\/posts\/630"}],"collection":[{"href":"https:\/\/www.yvelinesradio.com\/radio\/wp-json\/wp\/v2\/posts"}],"about":[{"href":"https:\/\/www.yvelinesradio.com\/radio\/wp-json\/wp\/v2\/types\/post"}],"author":[{"embeddable":true,"href":"https:\/\/www.yvelinesradio.com\/radio\/wp-json\/wp\/v2\/users\/11"}],"replies":[{"embeddable":true,"href":"https:\/\/www.yvelinesradio.com\/radio\/wp-json\/wp\/v2\/comments?post=630"}],"version-history":[{"count":0,"href":"https:\/\/www.yvelinesradio.com\/radio\/wp-json\/wp\/v2\/posts\/630\/revisions"}],"wp:attachment":[{"href":"https:\/\/www.yvelinesradio.com\/radio\/wp-json\/wp\/v2\/media?parent=630"}],"wp:term":[{"taxonomy":"category","embeddable":true,"href":"https:\/\/www.yvelinesradio.com\/radio\/wp-json\/wp\/v2\/categories?post=630"},{"taxonomy":"post_tag","embeddable":true,"href":"https:\/\/www.yvelinesradio.com\/radio\/wp-json\/wp\/v2\/tags?post=630"}],"curies":[{"name":"wp","href":"https:\/\/api.w.org\/{rel}","templated":true}]}}