{"id":629,"date":"2024-04-06T00:00:00","date_gmt":"2024-04-06T00:00:00","guid":{"rendered":""},"modified":"2024-04-06T00:00:00","modified_gmt":"2024-04-06T00:00:00","slug":"20240527434400","status":"publish","type":"post","link":"https:\/\/www.yvelinesradio.com\/radio\/2024\/04\/06\/20240527434400\/","title":{"rendered":"\u00ab\u00a0MA BIBLIOTH\u00c8QUE ID\u00c9ALE\u00a0\u00bb par Claire CHAZAL"},"content":{"rendered":"<figure class=\"wp-block-image size-full\"><img decoding=\"async\" src=\"https:\/\/www.yvelinesradio.com\/infos\/chroniques\/SORTIES_A_PARIS___MA_BIBLIOTH_QUE_ID_ALE__par_Claire_CHAZ__8079667456.jpg\"alt=\"\" class=\"wp-image-32\" \/><\/figure><figure class=\"wp-block-audio\"><audio controls src=\"https:\/\/www.yvelinesradio.com\/infos\/chroniques\/SORTIES_A_PARIS___MA_BIBLIOTH_QUE_ID_ALE__par_Claire_CHAZ__1113535303.mp3\"><\/audio><\/figure><p>On savait le go\u00fbt de la lecture pour Claire CHAZAL, et c&rsquo;est un plaisir  de la retrouver sur une sc\u00e8ne, devant un public attentif, pour \u00e9voquer Stefan Zweig, Romain Gary, le magnifique \u00ab\u00a0Ravel\u00a0\u00bb de Jean Echenoz ou le t\u00e9moignage de la r\u00e9sistante Charlotte Delbo, rescap\u00e9e d&rsquo;Auschwitz.\r\n\r\nUn spectacle tr\u00e8s intime, qui va s\u00e9duire un public nombreux.\r\n\r\nDur\u00e9e: 1h00\r\n\r\n \r\n\r\n \r\n\r\nConseil Artistique: Romain SEGUIN\r\n\r\nLumi\u00e8res: Alireza KISHIPOUR\r\n\r\n \r\n\r\n(Rel\u00e2ches les 15 Avril et le 10 Mai 2024)\r\n\r\n \r\n\r\nLes Lundis \u00e0 21h00\r\n\r\n \r\n\r\n\r\nRavel &#8211; \u00c9ditions de Minuit (2006)\r\n\r\nCharlotte Delbo &#8211; \u00c9ditions de Minuit (1976-2018)\r\n\r\nStefan Zweig &#8211; \u00c9ditions Belfond (1982)\r\n\r\n \r\n\r\n\r\n \r\n\r\nTH\u00c9\u00c2TRE  de POCHE-MONTPARNASSE\r\n\r\n01 45 44 50 24\r\n\r\n \r\n\r\n \r\n\r\nRobert BONNARDOT<\/p>","protected":false},"excerpt":{"rendered":"<p>On savait le go\u00fbt de la lecture pour Claire CHAZAL, et c&rsquo;est un plaisir de la retrouver sur une sc\u00e8ne, devant un public attentif, pour \u00e9voquer Stefan Zweig, Romain Gary, le magnifique \u00ab\u00a0Ravel\u00a0\u00bb de Jean Echenoz ou le t\u00e9moignage de la r\u00e9sistante Charlotte Delbo, rescap\u00e9e d&rsquo;Auschwitz. Un spectacle tr\u00e8s intime, qui va s\u00e9duire un public [&hellip;]<\/p>\n","protected":false},"author":11,"featured_media":0,"comment_status":"closed","ping_status":"open","sticky":false,"template":"","format":"standard","meta":{"footnotes":""},"categories":[],"tags":[],"_links":{"self":[{"href":"https:\/\/www.yvelinesradio.com\/radio\/wp-json\/wp\/v2\/posts\/629"}],"collection":[{"href":"https:\/\/www.yvelinesradio.com\/radio\/wp-json\/wp\/v2\/posts"}],"about":[{"href":"https:\/\/www.yvelinesradio.com\/radio\/wp-json\/wp\/v2\/types\/post"}],"author":[{"embeddable":true,"href":"https:\/\/www.yvelinesradio.com\/radio\/wp-json\/wp\/v2\/users\/11"}],"replies":[{"embeddable":true,"href":"https:\/\/www.yvelinesradio.com\/radio\/wp-json\/wp\/v2\/comments?post=629"}],"version-history":[{"count":0,"href":"https:\/\/www.yvelinesradio.com\/radio\/wp-json\/wp\/v2\/posts\/629\/revisions"}],"wp:attachment":[{"href":"https:\/\/www.yvelinesradio.com\/radio\/wp-json\/wp\/v2\/media?parent=629"}],"wp:term":[{"taxonomy":"category","embeddable":true,"href":"https:\/\/www.yvelinesradio.com\/radio\/wp-json\/wp\/v2\/categories?post=629"},{"taxonomy":"post_tag","embeddable":true,"href":"https:\/\/www.yvelinesradio.com\/radio\/wp-json\/wp\/v2\/tags?post=629"}],"curies":[{"name":"wp","href":"https:\/\/api.w.org\/{rel}","templated":true}]}}