{"id":627,"date":"2024-04-06T00:00:00","date_gmt":"2024-04-06T00:00:00","guid":{"rendered":""},"modified":"2024-04-06T00:00:00","modified_gmt":"2024-04-06T00:00:00","slug":"20240527296371","status":"publish","type":"post","link":"https:\/\/www.yvelinesradio.com\/radio\/2024\/04\/06\/20240527296371\/","title":{"rendered":"F\u00eatez le printemps et d\u00e9ployez vos ailes en donnant de la voix !"},"content":{"rendered":"<figure class=\"wp-block-image size-full\"><img decoding=\"async\" src=\"https:\/\/www.yvelinesradio.com\/infos\/emissions\/KITSCH_ET_NET__F_tez_le_printemps_et_d_ployez_vos_ailes__2676011480.png\"alt=\"\" class=\"wp-image-32\" \/><\/figure><figure class=\"wp-block-audio\"><audio controls src=\"https:\/\/www.yvelinesradio.com\/infos\/emissions\/KITSCH_ET_NET__F_tez_le_printemps_et_d_ployez_vos_ailes__1942238052.mp3\"><\/audio><\/figure><p>D\u00e9couvrez ou red\u00e9couvrez la musique kitsch, r\u00e9tro, d\u00e9cal\u00e9e propos\u00e9e par notre \u00e9quipe d\u0092experts en kitschologie : Olivier, Agn\u00e8s, Lucie &#038; le Professeur Depuipeu.\r\n\r\nRejoignez-nous pour une heure de d\u00e9lires kitschs ! Nous vois donerons des ailes : celles \u00e0 \u00e9viter deTwitter d\u00e9ctite par Stromae dans Carmen et celles, invisibles, d\u0092Indila et sa voix incroyable pour son tube \u00ab Derni\u00e8re danse \u00bb ! Apr_s avoir chant\u00e9 avec Youssopha et avant son duo avec Amir, la jeune femme faisait parler sa fureur dans ce clip o\u00f9 elle transforme Paris en apocalypse\u0085 Now !\r\n\r\nOn fait le pari\u0085 que vos oreilles seront enchant\u00e9es \u00e0 notre \u00e9coute cette semaine dans notre \u00e9mission ! Nous recevons en effet, pour son troisi\u00e8me passage, Veronica Antonelli, la reine du ONE Lyrico SHOW\u0085\r\n\r\nChanteuse lyrique tout-terrain et a capela, mais aussi productrice de musique, elle c\u00e9l\u00e8bre les 10 ans de Montmartre Enchante, sa fabuleuse visite sonore de la c\u00e9l\u00e8bre butte Montmartre o\u00f9 les diff\u00e9rents lieux r\u00e9pondent \u00e0 l\u0092\u00e9cho de sa voix\u0085 Et la dame aux grandes ailes nous d\u00e9voilera les premiers sons de son futur album \u00ab Le Paris de Veronica \u00bb, dans laquelle elle reprend les plus grands airs, classiques et modernes, consacr\u00e9s \u00e0 la capitale !\r\n\r\nNous r\u00e9unissons toutes ces \u009cuvres musicales, oubli\u00e9es ou jamais connues, dans notre \u00ab kitschenette \u00bb, pour vous mitonner une cuisine sonore nouvelle et non calorique (ou si peu\u0085) aux parfums in\u00e9dits et savoureux !\r\n\r\nRetrouvez-nous lundi de 19h \u00e0 20h, mercredi de 9h \u00e0 10h, et vendredi de 21h \u00e0 22h, sur Yvelines Radio. Pour le meilleur et pour le rire\u0085\r\n\r\nEt pour poursuivre l&rsquo;aventure, rendez-vous aussi sur notre site:\r\n\r\nhttp:\/\/www.kitschetnet.fr<\/p>","protected":false},"excerpt":{"rendered":"<p>D\u00e9couvrez ou red\u00e9couvrez la musique kitsch, r\u00e9tro, d\u00e9cal\u00e9e propos\u00e9e par notre \u00e9quipe d\u0092experts en kitschologie : Olivier, Agn\u00e8s, Lucie &#038; le Professeur Depuipeu. Rejoignez-nous pour une heure de d\u00e9lires kitschs ! Nous vois donerons des ailes : celles \u00e0 \u00e9viter deTwitter d\u00e9ctite par Stromae dans Carmen et celles, invisibles, d\u0092Indila et sa voix incroyable pour [&hellip;]<\/p>\n","protected":false},"author":12,"featured_media":0,"comment_status":"closed","ping_status":"open","sticky":false,"template":"","format":"standard","meta":{"footnotes":""},"categories":[],"tags":[],"_links":{"self":[{"href":"https:\/\/www.yvelinesradio.com\/radio\/wp-json\/wp\/v2\/posts\/627"}],"collection":[{"href":"https:\/\/www.yvelinesradio.com\/radio\/wp-json\/wp\/v2\/posts"}],"about":[{"href":"https:\/\/www.yvelinesradio.com\/radio\/wp-json\/wp\/v2\/types\/post"}],"author":[{"embeddable":true,"href":"https:\/\/www.yvelinesradio.com\/radio\/wp-json\/wp\/v2\/users\/12"}],"replies":[{"embeddable":true,"href":"https:\/\/www.yvelinesradio.com\/radio\/wp-json\/wp\/v2\/comments?post=627"}],"version-history":[{"count":0,"href":"https:\/\/www.yvelinesradio.com\/radio\/wp-json\/wp\/v2\/posts\/627\/revisions"}],"wp:attachment":[{"href":"https:\/\/www.yvelinesradio.com\/radio\/wp-json\/wp\/v2\/media?parent=627"}],"wp:term":[{"taxonomy":"category","embeddable":true,"href":"https:\/\/www.yvelinesradio.com\/radio\/wp-json\/wp\/v2\/categories?post=627"},{"taxonomy":"post_tag","embeddable":true,"href":"https:\/\/www.yvelinesradio.com\/radio\/wp-json\/wp\/v2\/tags?post=627"}],"curies":[{"name":"wp","href":"https:\/\/api.w.org\/{rel}","templated":true}]}}