{"id":626,"date":"2024-04-07T00:00:00","date_gmt":"2024-04-07T00:00:00","guid":{"rendered":""},"modified":"2024-04-07T00:00:00","modified_gmt":"2024-04-07T00:00:00","slug":"20240527716537","status":"publish","type":"post","link":"https:\/\/www.yvelinesradio.com\/radio\/2024\/04\/07\/20240527716537\/","title":{"rendered":"Alexis GR\u00dcSS 1944-2024"},"content":{"rendered":"<figure class=\"wp-block-image size-full\"><img decoding=\"async\" src=\"https:\/\/www.yvelinesradio.com\/infos\/chroniques\/SORTIES_A_PARIS__Alexis_GR_SS____________4761046944.jpg\"alt=\"\" class=\"wp-image-32\" \/><\/figure><figure class=\"wp-block-audio\"><audio controls src=\"https:\/\/www.yvelinesradio.com\/infos\/chroniques\/SORTIES_A_PARIS__Alexis_GR_SS____________0774485654.mp3\"><\/audio><\/figure><p>Alexis Gr\u00fcss, c&rsquo;\u00e9tait un rendez-vous annuel, quand son chapiteau  se montait dans le Bois de Boulogne, pr\u00e8s du lac inf\u00e9rieur.\r\n\r\nEt c&rsquo;est en passant cet apr\u00e8s-midi, au cours de mes kilom\u00e8tres de marche, que j&rsquo;ai appris la disparition de ce magicien du spectacle hippique.\r\n\r\nL&rsquo;ann\u00e9e derni\u00e8re, j&rsquo;ai \u00e9t\u00e9 \u00e9bloui par la magie de \u00ab\u00a0Folies Gr\u00fcss\u00a0\u00bb, et je disais: \r\n\r\n\u00a0\u00bb Et je d\u00e9couvre un spectacle extraordinaire, sans aucun doute, le plus beau, \u00e0 l&rsquo;image des plus grands chapiteaux du monde.\u00a0\u00bb\r\n\r\nNous penserons \u00e0 Alexis, \u00e0 chaque nouveau spectacle, mais ses enfants et petits-enfants, vont continuer \u00e0 nous faire r\u00eaver, et il ne faudra jamais oublier que rien n&rsquo;aurait \u00e9t\u00e9 possible, sans la vigilance de Silvia Montfort, qui a tout fait pour que l&rsquo;on reconnaisse le talent de cet artiste, que sa famille va faire vivre, \u00e9ternellement&#8230;\r\n\r\nMerci Alexis GR\u00dcSS\r\n\r\n \r\n\r\n\r\nCIRQUE LES FOLIES GR\u00dcSS\r\n\r\n01 45 01 71 26\r\n\r\n \r\n\r\n \r\n\r\nRobert BONNARDOT<\/p>","protected":false},"excerpt":{"rendered":"<p>Alexis Gr\u00fcss, c&rsquo;\u00e9tait un rendez-vous annuel, quand son chapiteau se montait dans le Bois de Boulogne, pr\u00e8s du lac inf\u00e9rieur. Et c&rsquo;est en passant cet apr\u00e8s-midi, au cours de mes kilom\u00e8tres de marche, que j&rsquo;ai appris la disparition de ce magicien du spectacle hippique. L&rsquo;ann\u00e9e derni\u00e8re, j&rsquo;ai \u00e9t\u00e9 \u00e9bloui par la magie de \u00ab\u00a0Folies Gr\u00fcss\u00a0\u00bb, [&hellip;]<\/p>\n","protected":false},"author":11,"featured_media":0,"comment_status":"closed","ping_status":"open","sticky":false,"template":"","format":"standard","meta":{"footnotes":""},"categories":[],"tags":[],"_links":{"self":[{"href":"https:\/\/www.yvelinesradio.com\/radio\/wp-json\/wp\/v2\/posts\/626"}],"collection":[{"href":"https:\/\/www.yvelinesradio.com\/radio\/wp-json\/wp\/v2\/posts"}],"about":[{"href":"https:\/\/www.yvelinesradio.com\/radio\/wp-json\/wp\/v2\/types\/post"}],"author":[{"embeddable":true,"href":"https:\/\/www.yvelinesradio.com\/radio\/wp-json\/wp\/v2\/users\/11"}],"replies":[{"embeddable":true,"href":"https:\/\/www.yvelinesradio.com\/radio\/wp-json\/wp\/v2\/comments?post=626"}],"version-history":[{"count":0,"href":"https:\/\/www.yvelinesradio.com\/radio\/wp-json\/wp\/v2\/posts\/626\/revisions"}],"wp:attachment":[{"href":"https:\/\/www.yvelinesradio.com\/radio\/wp-json\/wp\/v2\/media?parent=626"}],"wp:term":[{"taxonomy":"category","embeddable":true,"href":"https:\/\/www.yvelinesradio.com\/radio\/wp-json\/wp\/v2\/categories?post=626"},{"taxonomy":"post_tag","embeddable":true,"href":"https:\/\/www.yvelinesradio.com\/radio\/wp-json\/wp\/v2\/tags?post=626"}],"curies":[{"name":"wp","href":"https:\/\/api.w.org\/{rel}","templated":true}]}}