{"id":622,"date":"2024-04-09T00:00:00","date_gmt":"2024-04-09T00:00:00","guid":{"rendered":""},"modified":"2024-04-09T00:00:00","modified_gmt":"2024-04-09T00:00:00","slug":"20240527467471","status":"publish","type":"post","link":"https:\/\/www.yvelinesradio.com\/radio\/2024\/04\/09\/20240527467471\/","title":{"rendered":"\u00ab\u00a01 H AVEC&#8230; \u00a0\u00bb ALEXANDRE PESLES ET WILLIAM CIBOULLE (REDIFFUSION)"},"content":{"rendered":"<figure class=\"wp-block-image size-full\"><img decoding=\"async\" src=\"https:\/\/www.yvelinesradio.com\/infos\/emissions\/FRANCOIS_JOYEUX_____H_AVEC______ALEXANDRE_PESLES_ET_WILLI__2925608837.jpg\"alt=\"\" class=\"wp-image-32\" \/><\/figure><figure class=\"wp-block-audio\"><audio controls src=\"https:\/\/www.yvelinesradio.com\/infos\/emissions\/FRANCOIS_JOYEUX_____H_AVEC______ALEXANDRE_PESLES_ET_WILLI__1176661621.mp3\"><\/audio><\/figure><p>Francois re\u00e7ois dans \u00a0\u00bb Une Heure Avec&#8230;\u00a0\u00bb le com\u00e9dien  Alexandre Pesles pour la pi\u00e8ce \u00ab\u00a0le plus heureux des trois\u00a0\u00bb (Th\u00e9\u00e2tre Edgar Paris ) et son one man show \u00ab\u00a0Le Peslestacle\u00a0\u00bb &#038; le chanteur  Wilhelm Ciboulle dit Kola pour le spectacle \u00ab\u00a0Un tour de Piste\u00a0\u00bb au cirque Bormann\r\nhttps:\/\/www.billetreduc.com\/333567\/evt.htm\r\nhttps:\/\/www.billetreduc.com\/330262\/evt.htm\r\nhttps:\/\/www.billetweb.fr\/un-tour-de-piste\r\n\u00e9mission enregistr\u00e9e \u00e0 l&rsquo;auguste th\u00e9\u00e2tre a paris\r\nhttps:\/\/www.augustetheatre.com\/<\/p>","protected":false},"excerpt":{"rendered":"<p>Francois re\u00e7ois dans \u00a0\u00bb Une Heure Avec&#8230;\u00a0\u00bb le com\u00e9dien Alexandre Pesles pour la pi\u00e8ce \u00ab\u00a0le plus heureux des trois\u00a0\u00bb (Th\u00e9\u00e2tre Edgar Paris ) et son one man show \u00ab\u00a0Le Peslestacle\u00a0\u00bb &#038; le chanteur Wilhelm Ciboulle dit Kola pour le spectacle \u00ab\u00a0Un tour de Piste\u00a0\u00bb au cirque Bormann https:\/\/www.billetreduc.com\/333567\/evt.htm https:\/\/www.billetreduc.com\/330262\/evt.htm https:\/\/www.billetweb.fr\/un-tour-de-piste \u00e9mission enregistr\u00e9e \u00e0 l&rsquo;auguste th\u00e9\u00e2tre [&hellip;]<\/p>\n","protected":false},"author":17,"featured_media":0,"comment_status":"closed","ping_status":"open","sticky":false,"template":"","format":"standard","meta":{"footnotes":""},"categories":[],"tags":[],"_links":{"self":[{"href":"https:\/\/www.yvelinesradio.com\/radio\/wp-json\/wp\/v2\/posts\/622"}],"collection":[{"href":"https:\/\/www.yvelinesradio.com\/radio\/wp-json\/wp\/v2\/posts"}],"about":[{"href":"https:\/\/www.yvelinesradio.com\/radio\/wp-json\/wp\/v2\/types\/post"}],"author":[{"embeddable":true,"href":"https:\/\/www.yvelinesradio.com\/radio\/wp-json\/wp\/v2\/users\/17"}],"replies":[{"embeddable":true,"href":"https:\/\/www.yvelinesradio.com\/radio\/wp-json\/wp\/v2\/comments?post=622"}],"version-history":[{"count":0,"href":"https:\/\/www.yvelinesradio.com\/radio\/wp-json\/wp\/v2\/posts\/622\/revisions"}],"wp:attachment":[{"href":"https:\/\/www.yvelinesradio.com\/radio\/wp-json\/wp\/v2\/media?parent=622"}],"wp:term":[{"taxonomy":"category","embeddable":true,"href":"https:\/\/www.yvelinesradio.com\/radio\/wp-json\/wp\/v2\/categories?post=622"},{"taxonomy":"post_tag","embeddable":true,"href":"https:\/\/www.yvelinesradio.com\/radio\/wp-json\/wp\/v2\/tags?post=622"}],"curies":[{"name":"wp","href":"https:\/\/api.w.org\/{rel}","templated":true}]}}