{"id":618,"date":"2024-04-10T00:00:00","date_gmt":"2024-04-10T00:00:00","guid":{"rendered":""},"modified":"2024-04-10T00:00:00","modified_gmt":"2024-04-10T00:00:00","slug":"20240527957976","status":"publish","type":"post","link":"https:\/\/www.yvelinesradio.com\/radio\/2024\/04\/10\/20240527957976\/","title":{"rendered":"\u00ab\u00a0L&rsquo;\u00ceLE DES ESCLAVES\u00a0\u00bb de Marivaux au LUCERNAIRE"},"content":{"rendered":"<figure class=\"wp-block-image size-full\"><img decoding=\"async\" src=\"https:\/\/www.yvelinesradio.com\/infos\/chroniques\/SORTIES_A_PARIS___L__LE_DES_ESCLAVES__de_Marivaux_au_LUCE__6716943039.jpg\"alt=\"\" class=\"wp-image-32\" \/><\/figure><figure class=\"wp-block-audio\"><audio controls src=\"https:\/\/www.yvelinesradio.com\/infos\/chroniques\/SORTIES_A_PARIS___L__LE_DES_ESCLAVES__de_Marivaux_au_LUCE__2264943865.mp3\"><\/audio><\/figure><p>Une pi\u00e8ce \u00e9crite en 1725, par Marivaux (1688-1763).\r\n\r\nLes survivants d&rsquo;un naufrage, deux couples, les Ma\u00eetres et leurs serviteurs, \u00e9chouent sur L&rsquo;\u00cele des Esclaves.\r\n\r\nEt ici, la loi prescrit que les r\u00f4les de chacun, doivent \u00eatre invers\u00e9s.\r\n\r\nUne fable utopique et humaniste, o\u00f9 s&rsquo;affrontent c\u009cur et raison.\r\n\r\nAnne, qui a vu ce magnifique spectacle pour Sorties \u00e0 Paris, a \u00e9t\u00e9 enthousiam\u00e9e:\r\n\r\n\u00ab\u00a0Un texte tr\u00e8s dr\u00f4le, et parfois on distingue des propos avant-coureurs, de la future R\u00e9volution de 1789.\r\n\r\nLes com\u00e9diens  sont admirables, et admir\u00e9s par une salle pleine, qui n&rsquo;a pas m\u00e9nag\u00e9 ses applaudissements.\r\n\r\nLa Mise en Sc\u00e8ne, est totalement somptueuse!!!\u00a0\u00bb\r\n\r\n \r\n\r\nAvec:\r\n\r\nLaurent CAZENAVE ou Micha\u00ebl POTHLICHET\r\n\r\nBarth\u00e9lemy GUILLEMARD\r\n\r\nLucas LECOINTE\r\n\r\nMarie LONJARET\r\n\r\nLyse MUYROUD\r\n\r\n \r\n\r\nCr\u00e9ation Musiques\/Sons: Micha\u00ebl POTHLICHET\r\n\r\nLumi\u00e8res: Jonathan OL\u00c9ON\r\n\r\nChor\u00e9graphie: Sophie MEARY\r\n\r\nSc\u00e9nographie: Juliette CHAPUIS\r\n\r\n \r\n\r\nMise en Sc\u00e8ne: St\u00e9phane SZEKELY\r\n\r\n \r\n\r\nJusqu&rsquo;au 2 Juin 2024\r\n\r\nDu Mardi au Samedi \u00e0 20h00\r\n\r\nLes Dimanches \u00e0 17h00\r\n\r\n \r\n\r\nDur\u00e9e: 1h10\r\n\r\n\r\n \r\n\r\nTH\u00c9\u00c2TRE LE LUCERNAIRE\r\n\r\n01 45 44 57 34\r\n\r\n \r\n\r\n \r\n\r\nRobert BONNARDOT<\/p>","protected":false},"excerpt":{"rendered":"<p>Une pi\u00e8ce \u00e9crite en 1725, par Marivaux (1688-1763). Les survivants d&rsquo;un naufrage, deux couples, les Ma\u00eetres et leurs serviteurs, \u00e9chouent sur L&rsquo;\u00cele des Esclaves. Et ici, la loi prescrit que les r\u00f4les de chacun, doivent \u00eatre invers\u00e9s. Une fable utopique et humaniste, o\u00f9 s&rsquo;affrontent c\u009cur et raison. Anne, qui a vu ce magnifique spectacle pour [&hellip;]<\/p>\n","protected":false},"author":11,"featured_media":0,"comment_status":"closed","ping_status":"open","sticky":false,"template":"","format":"standard","meta":{"footnotes":""},"categories":[],"tags":[],"_links":{"self":[{"href":"https:\/\/www.yvelinesradio.com\/radio\/wp-json\/wp\/v2\/posts\/618"}],"collection":[{"href":"https:\/\/www.yvelinesradio.com\/radio\/wp-json\/wp\/v2\/posts"}],"about":[{"href":"https:\/\/www.yvelinesradio.com\/radio\/wp-json\/wp\/v2\/types\/post"}],"author":[{"embeddable":true,"href":"https:\/\/www.yvelinesradio.com\/radio\/wp-json\/wp\/v2\/users\/11"}],"replies":[{"embeddable":true,"href":"https:\/\/www.yvelinesradio.com\/radio\/wp-json\/wp\/v2\/comments?post=618"}],"version-history":[{"count":0,"href":"https:\/\/www.yvelinesradio.com\/radio\/wp-json\/wp\/v2\/posts\/618\/revisions"}],"wp:attachment":[{"href":"https:\/\/www.yvelinesradio.com\/radio\/wp-json\/wp\/v2\/media?parent=618"}],"wp:term":[{"taxonomy":"category","embeddable":true,"href":"https:\/\/www.yvelinesradio.com\/radio\/wp-json\/wp\/v2\/categories?post=618"},{"taxonomy":"post_tag","embeddable":true,"href":"https:\/\/www.yvelinesradio.com\/radio\/wp-json\/wp\/v2\/tags?post=618"}],"curies":[{"name":"wp","href":"https:\/\/api.w.org\/{rel}","templated":true}]}}