{"id":602,"date":"2023-05-25T00:00:00","date_gmt":"2023-05-25T00:00:00","guid":{"rendered":""},"modified":"2023-05-25T00:00:00","modified_gmt":"2023-05-25T00:00:00","slug":"20240527334975","status":"publish","type":"post","link":"https:\/\/www.yvelinesradio.com\/radio\/2023\/05\/25\/20240527334975\/","title":{"rendered":"\u00ab\u00a0DIEGO\u00a0\u00bb"},"content":{"rendered":"<figure class=\"wp-block-image size-full\"><img decoding=\"async\" src=\"https:\/\/www.yvelinesradio.com\/infos\/chroniques\/SORTIES_A_PARIS___DIEGO___0755373174.jpg\"alt=\"\" class=\"wp-image-32\" \/><\/figure><figure class=\"wp-block-audio\"><audio controls src=\"https:\/\/www.yvelinesradio.com\/infos\/chroniques\/SORTIES_A_PARIS___DIEGO___6121668050.mp3\"><\/audio><\/figure><p>Ce spectacle est un hommage biographique \u00e0 l&rsquo;idole absolue de l&rsquo;Argentine, Diego MARADONA.\r\n\r\n \r\n\r\nSur une id\u00e9e originale de : Barth\u00e9l\u00e9my FORTIER &#038; Hugo RANDRIANATOAVINA.\r\n\r\n\u00c9criture: Alexandre CORDIER\r\n\r\n \r\n\r\nAvec: Hugo RANDRIANATOAVINA\r\n\r\n \r\n\r\nMise en Sc\u00e8ne: Barth\u00e9l\u00e9my FORTIER\r\n\r\n \r\n\r\nAvant-Premi\u00e8re le Jeudi 8 Juin \u00e0 15h00\r\n\r\n\r\n \r\n\r\nLE CRESCO \u00e0 St Mand\u00e9 (94160)\r\n\r\n01 46 82 85 00\r\n\r\n \r\n\r\nCe spectacle sera propos\u00e9, \u00e0 l&rsquo;occasion du Festival Off en Avignon.\r\n\r\nDu 7 au 25 Juillet \u00e0 16h45\r\n\r\n \r\n\r\n(G\u00e9n\u00e9rale de PRESSE: Le 6 Juillet \u00e0 16h45)\r\n\r\n \r\n\r\n\r\nTH\u00c9\u00c2TRE DE LA REINE BLANCHE en AVIGNON\r\n\r\n04 90 85 38 17\r\n\r\n \r\n\r\nNous vous tiendrons au courant de sa possible programmation \u00e0 Paris, \u00e0 la rentr\u00e9e&#8230;\r\n\r\n \r\n\r\nDur\u00e9e: 1h10\r\n\r\n \r\n\r\n \r\n\r\nRobert BONNARDOT\r\n\r\n <\/p>","protected":false},"excerpt":{"rendered":"<p>Ce spectacle est un hommage biographique \u00e0 l&rsquo;idole absolue de l&rsquo;Argentine, Diego MARADONA. Sur une id\u00e9e originale de : Barth\u00e9l\u00e9my FORTIER &#038; Hugo RANDRIANATOAVINA. \u00c9criture: Alexandre CORDIER Avec: Hugo RANDRIANATOAVINA Mise en Sc\u00e8ne: Barth\u00e9l\u00e9my FORTIER Avant-Premi\u00e8re le Jeudi 8 Juin \u00e0 15h00 LE CRESCO \u00e0 St Mand\u00e9 (94160) 01 46 82 85 00 Ce spectacle [&hellip;]<\/p>\n","protected":false},"author":11,"featured_media":0,"comment_status":"closed","ping_status":"open","sticky":false,"template":"","format":"standard","meta":{"footnotes":""},"categories":[],"tags":[],"_links":{"self":[{"href":"https:\/\/www.yvelinesradio.com\/radio\/wp-json\/wp\/v2\/posts\/602"}],"collection":[{"href":"https:\/\/www.yvelinesradio.com\/radio\/wp-json\/wp\/v2\/posts"}],"about":[{"href":"https:\/\/www.yvelinesradio.com\/radio\/wp-json\/wp\/v2\/types\/post"}],"author":[{"embeddable":true,"href":"https:\/\/www.yvelinesradio.com\/radio\/wp-json\/wp\/v2\/users\/11"}],"replies":[{"embeddable":true,"href":"https:\/\/www.yvelinesradio.com\/radio\/wp-json\/wp\/v2\/comments?post=602"}],"version-history":[{"count":0,"href":"https:\/\/www.yvelinesradio.com\/radio\/wp-json\/wp\/v2\/posts\/602\/revisions"}],"wp:attachment":[{"href":"https:\/\/www.yvelinesradio.com\/radio\/wp-json\/wp\/v2\/media?parent=602"}],"wp:term":[{"taxonomy":"category","embeddable":true,"href":"https:\/\/www.yvelinesradio.com\/radio\/wp-json\/wp\/v2\/categories?post=602"},{"taxonomy":"post_tag","embeddable":true,"href":"https:\/\/www.yvelinesradio.com\/radio\/wp-json\/wp\/v2\/tags?post=602"}],"curies":[{"name":"wp","href":"https:\/\/api.w.org\/{rel}","templated":true}]}}