{"id":598,"date":"2023-05-27T00:00:00","date_gmt":"2023-05-27T00:00:00","guid":{"rendered":""},"modified":"2023-05-27T00:00:00","modified_gmt":"2023-05-27T00:00:00","slug":"20240527788048","status":"publish","type":"post","link":"https:\/\/www.yvelinesradio.com\/radio\/2023\/05\/27\/20240527788048\/","title":{"rendered":"LE BOIS DE BOULOGNE&#8230; Devenu une Jungle"},"content":{"rendered":"<figure class=\"wp-block-image size-full\"><img decoding=\"async\" src=\"https:\/\/www.yvelinesradio.com\/infos\/chroniques\/\"alt=\"\" class=\"wp-image-32\" \/><\/figure><figure class=\"wp-block-audio\"><audio controls src=\"https:\/\/www.yvelinesradio.com\/infos\/chroniques\/SORTIES_A_PARIS__LE_BOIS_DE_BOULOGNE____Devenu_une_Jungle__4878739604.mp3\"><\/audio><\/figure><p>Apr\u00e8s avoir fait de Paris, la ville la plus sale d&rsquo;Europe, de nous avoir priv\u00e9 de l&rsquo;intelligente voie expresse rive-droite, ferm\u00e9 la Route de S\u00e8vres \u00e0 Neuilly, (malgr\u00e9 une d\u00e9cision contraire de la Justice), qui provoque tant d&#8217;embouteillages et de nuisances pour les riverains de Boulogne, et une d\u00e9cision prise aux d\u00e9triments des Seniors qui viennent \u00e0 petits pas, promener leur chien ou simplement avoir un peu de temps, pour marcher, ou faire un peu de v\u00e9lo&#8230; La f\u00e9e Hidalgo leur a institu\u00e9 le p\u00e9age pour stationner.\r\n\r\n \r\n\r\nElle a aussi transform\u00e9 le Bois, qui devient une v\u00e9ritable jungle.\r\n\r\nDepuis 2001, je fais chaque jour, des kilom\u00e8tres de marche, et je ne reconnais plus les paysages, que je fr\u00e9quente depuis si longtemps&#8230;\r\n\r\nPlus de jardinier, personne ne vient tondre, on se croirait dans une for\u00eat lointaine et peu fr\u00e9quent\u00e9e&#8230;\r\n\r\n\r\n \r\n\r\n \r\n\r\nQuelle Honte !!!\r\n\r\n \r\n\r\nVivement, que nous ayons quelqu&rsquo;un \u00e0 la Mairie de Paris, proche des Parisiens&#8230; Et pour avoir v\u00e9cu Les Jeux Olympiques de Grenoble en 1968, j&rsquo;ai grand peur de ces nouveaux Jeux, dont aucun pays ne voulait&#8230; Sauf une r\u00eaveuse, qui se r\u00eavait Pr\u00e9sidente de la R\u00e9publique&#8230; Vivement qu&rsquo;elle retourne \u00e0 sa famille et \u00e0 ses fourneaux !\r\n\r\n \r\n\r\nRobert BONNARDOT<\/p>","protected":false},"excerpt":{"rendered":"<p>Apr\u00e8s avoir fait de Paris, la ville la plus sale d&rsquo;Europe, de nous avoir priv\u00e9 de l&rsquo;intelligente voie expresse rive-droite, ferm\u00e9 la Route de S\u00e8vres \u00e0 Neuilly, (malgr\u00e9 une d\u00e9cision contraire de la Justice), qui provoque tant d&#8217;embouteillages et de nuisances pour les riverains de Boulogne, et une d\u00e9cision prise aux d\u00e9triments des Seniors qui [&hellip;]<\/p>\n","protected":false},"author":11,"featured_media":0,"comment_status":"closed","ping_status":"open","sticky":false,"template":"","format":"standard","meta":{"footnotes":""},"categories":[],"tags":[],"_links":{"self":[{"href":"https:\/\/www.yvelinesradio.com\/radio\/wp-json\/wp\/v2\/posts\/598"}],"collection":[{"href":"https:\/\/www.yvelinesradio.com\/radio\/wp-json\/wp\/v2\/posts"}],"about":[{"href":"https:\/\/www.yvelinesradio.com\/radio\/wp-json\/wp\/v2\/types\/post"}],"author":[{"embeddable":true,"href":"https:\/\/www.yvelinesradio.com\/radio\/wp-json\/wp\/v2\/users\/11"}],"replies":[{"embeddable":true,"href":"https:\/\/www.yvelinesradio.com\/radio\/wp-json\/wp\/v2\/comments?post=598"}],"version-history":[{"count":0,"href":"https:\/\/www.yvelinesradio.com\/radio\/wp-json\/wp\/v2\/posts\/598\/revisions"}],"wp:attachment":[{"href":"https:\/\/www.yvelinesradio.com\/radio\/wp-json\/wp\/v2\/media?parent=598"}],"wp:term":[{"taxonomy":"category","embeddable":true,"href":"https:\/\/www.yvelinesradio.com\/radio\/wp-json\/wp\/v2\/categories?post=598"},{"taxonomy":"post_tag","embeddable":true,"href":"https:\/\/www.yvelinesradio.com\/radio\/wp-json\/wp\/v2\/tags?post=598"}],"curies":[{"name":"wp","href":"https:\/\/api.w.org\/{rel}","templated":true}]}}