{"id":58,"date":"2024-04-29T00:00:00","date_gmt":"2024-04-29T00:00:00","guid":{"rendered":""},"modified":"2024-04-29T00:00:00","modified_gmt":"2024-04-29T00:00:00","slug":"20240527225940","status":"publish","type":"post","link":"https:\/\/www.yvelinesradio.com\/radio\/2024\/04\/29\/20240527225940\/","title":{"rendered":"\u00ab\u00a0SFUMATO! LA JOCONDE D\u00c9VOIL\u00c9E\u00a0\u00bb"},"content":{"rendered":"<figure class=\"wp-block-image size-full\"><img decoding=\"async\" src=\"https:\/\/www.yvelinesradio.com\/infos\/chroniques\/SORTIES_A_PARIS___SFUMATO__LA_JOCONDE_D_VOIL_E___3177867676.jpg\"alt=\"\" class=\"wp-image-32\" \/><\/figure><figure class=\"wp-block-audio\"><audio controls src=\"https:\/\/www.yvelinesradio.com\/infos\/chroniques\/SORTIES_A_PARIS___SFUMATO__LA_JOCONDE_D_VOIL_E___2092335743.mp3\"><\/audio><\/figure><p>Nous sommes en 1503, et nous p\u00e9n\u00e9trons dans l&rsquo;Atelier, qui est aussi le laboratoire, de L\u00e9onard de Vinci, qui multiplie les exp\u00e9riences en tous genres, persuad\u00e9 que l&rsquo;homme volera un jour.\r\n\r\nUn marchand, vient lui passer commande pour  r\u00e9aliser un portrait, pour le Roi de France.\r\n\r\nSa propre \u00e9pouse, en sera le mod\u00e8le, une certaine Mona Lisa&#8230;\r\n\r\nUn spectacle versifi\u00e9 et totalement r\u00e9jouissant, qui accr\u00e9dite le doute sur le sexe de la personne qui se trouve sur le tableau le plus c\u00e9l\u00e8bre du monde&#8230;\r\n\r\nIl est convenu que L\u00e9onard \u00e9tait sensible aux charmes des jeunes gens, et deux d&rsquo;entre eux se font querelle, pour \u00eatre au plus pr\u00e8s du Ma\u00eetre&#8230;\r\n\r\n\r\n \r\n\r\nFran\u00e7ois Podetti, qui est le marchand et l&rsquo;\u00e9poux de Lisa, fait un grand num\u00e9ro.\r\n\r\nUn tr\u00e8s agr\u00e9able spectacle que nous devons \u00e0: Vanessa BRIGITTE\r\n\r\nElle en signe la Mise en Sc\u00e8ne.\r\n\r\nAvec:\r\n\r\nVanessa BRIGITTE\r\n\r\n\u00c9ric MOSCARDO\r\n\r\nAntoine GHEERBRANDT\r\n\r\nGiacomo LA ROSA\r\n\r\nFran\u00e7ois PODETTI\r\n\r\n \r\n\r\nCostumes: Lucette BRIGITTE &#038; Nathalie VILLARD\r\n\r\nSc\u00e9nographie: Citronelle DUFAY\r\n\r\nInfographie: Sabrina PEREZ\r\n\r\nCr\u00e9ation Musicale: Damien LEFEVRE (et c&rsquo;est  une partition particuli\u00e8rement r\u00e9ussie).\r\n\r\n \r\n\r\nDur\u00e9e: 1h30\r\n\r\n \r\n\r\nJusqu&rsquo;au 23 Juin 2024\r\n\r\nLes Jeudis \u00e0 19h30\r\n\r\nLes Samedis et Dimanches \u00e0 18h00\r\n\r\n(Repr\u00e9sentations scolaires le Vendredi 17 Mai \u00e0 10h30 et \u00e0 14h30)\r\n\r\n \r\n\r\n\r\n\u00c0 LA FOLIE TH\u00c9\u00c2TRE\r\n\r\n01 43 55 14 80\r\n\r\n \r\n\r\nRobert BONNARDOT<\/p>","protected":false},"excerpt":{"rendered":"<p>Nous sommes en 1503, et nous p\u00e9n\u00e9trons dans l&rsquo;Atelier, qui est aussi le laboratoire, de L\u00e9onard de Vinci, qui multiplie les exp\u00e9riences en tous genres, persuad\u00e9 que l&rsquo;homme volera un jour. Un marchand, vient lui passer commande pour r\u00e9aliser un portrait, pour le Roi de France. Sa propre \u00e9pouse, en sera le mod\u00e8le, une certaine [&hellip;]<\/p>\n","protected":false},"author":11,"featured_media":0,"comment_status":"closed","ping_status":"open","sticky":false,"template":"","format":"standard","meta":{"footnotes":""},"categories":[],"tags":[],"_links":{"self":[{"href":"https:\/\/www.yvelinesradio.com\/radio\/wp-json\/wp\/v2\/posts\/58"}],"collection":[{"href":"https:\/\/www.yvelinesradio.com\/radio\/wp-json\/wp\/v2\/posts"}],"about":[{"href":"https:\/\/www.yvelinesradio.com\/radio\/wp-json\/wp\/v2\/types\/post"}],"author":[{"embeddable":true,"href":"https:\/\/www.yvelinesradio.com\/radio\/wp-json\/wp\/v2\/users\/11"}],"replies":[{"embeddable":true,"href":"https:\/\/www.yvelinesradio.com\/radio\/wp-json\/wp\/v2\/comments?post=58"}],"version-history":[{"count":0,"href":"https:\/\/www.yvelinesradio.com\/radio\/wp-json\/wp\/v2\/posts\/58\/revisions"}],"wp:attachment":[{"href":"https:\/\/www.yvelinesradio.com\/radio\/wp-json\/wp\/v2\/media?parent=58"}],"wp:term":[{"taxonomy":"category","embeddable":true,"href":"https:\/\/www.yvelinesradio.com\/radio\/wp-json\/wp\/v2\/categories?post=58"},{"taxonomy":"post_tag","embeddable":true,"href":"https:\/\/www.yvelinesradio.com\/radio\/wp-json\/wp\/v2\/tags?post=58"}],"curies":[{"name":"wp","href":"https:\/\/api.w.org\/{rel}","templated":true}]}}