{"id":2461,"date":"2026-04-28T00:00:00","date_gmt":"2026-04-28T00:00:00","guid":{"rendered":""},"modified":"2026-04-28T00:00:00","modified_gmt":"2026-04-28T00:00:00","slug":"20260430683845","status":"publish","type":"post","link":"https:\/\/www.yvelinesradio.com\/radio\/2026\/04\/28\/20260430683845\/","title":{"rendered":"\u00ab\u00a0LA DAME DE CHEZ MAXIM\u00a0\u00bb au LUCERNAIRE"},"content":{"rendered":"<figure class=\"wp-block-image size-full\"><img decoding=\"async\" src=\"https:\/\/www.yvelinesradio.com\/infos\/chroniques\/SORTIES_A_PARIS___LA_DAME_DE_CHEZ_MAXIM__au_LUCERNAIRE__9253830278.jpg\"alt=\"\" class=\"wp-image-32\" \/><\/figure><figure class=\"wp-block-audio\"><audio controls src=\"https:\/\/www.yvelinesradio.com\/infos\/chroniques\/SORTIES_A_PARIS___LA_DAME_DE_CHEZ_MAXIM__au_LUCERNAIRE__6189320767.mp3\"><\/audio><\/figure><p>Une pi\u00e8ce inusable de Georges FEYDEAU, adapt\u00e9e ici par Philippe PERSON, dont le nom est li\u00e9 au Lucernaire.\r\n\r\nElle est jou\u00e9e par le Collectif Paradis, tous issus de l&rsquo;\u00e9cole de th\u00e9\u00e2tre du Lucernaire.\r\n\r\nLe Pitch:\r\n\r\n\u00ab\u00a0Le Docteur Petypon, a pass\u00e9 la nuit chez Maxim avec son ami Mongicourt. Ce dernier le retrouve endormi&#8230; \u00e0 midi ! De la chambre sort la M\u00f4me Crevette, danseuse du Moulin-Rouge. Le g\u00e9n\u00e9ral Petypon, l&rsquo;oncle, arrive, prend la M\u00f4me pour l&rsquo;\u00e9pouse de Petypon qui ne nie pas et invite son neveu au mariage de la ni\u00e8ce Cl\u00e9mentine, dans son ch\u00e2teau en Touraine. Petypon est donc contraint d&#8217;emmener la M\u00f4me en guise de femme. Quant \u00e0 sa (vraie) \u00e9pouse, Gabrielle, elle re\u00e7oit tardivement la lettre qui annonce le mariage et part \u00e0 son tour pour la Touraine&#8230; suivi par Mongicourt. Tous se retrouvent au ch\u00e2teau : Quiproquos en pi\u00e8ce mont\u00e9e !\u00a0\u00bb\r\n\r\n11 r\u00f4les pour une troupe de com\u00e9diens, qui vont se r\u00e9galer, vous \u00e9blouir, ils sont  tous en alternance:\r\n\r\nPaul ANSART de LESSAN\r\n\r\nJulien BELOTTI KOLLY\r\n\r\nEvelyn BLEDNIAK\r\n\r\nDorian BOURGOIN-JALLIEU\r\n\r\nCl\u00e9ment CHARTIER\r\n\r\nH\u00e9lias CORBEAU\r\n\r\nJulia  DAILLES\r\n\r\nJean-G\u00e9rald DUPAU\r\n\r\nAriane FABIUS\r\n\r\nMurielle GANDAIS\r\n\r\nErine LUCAS\r\n\r\nAurore MAYRAN de CHAMISSO\r\n\r\nLudivine MONTAGN\u00c9\r\n\r\nNina PATENOTTE\r\n\r\nNathan POL\r\n\r\nTessa RIBAULT\r\n\r\nPauline ROYER\r\n\r\nPenda TRAORE\r\n\r\nMaxime VILLOT\r\n\r\nLouison VRIGNAUD\r\n\r\n \r\n\r\nMise en Sc\u00e8ne: Florence LE CORRE &#038; Philippe PERSON\r\n\r\nIls sont assist\u00e9s de Tom BOUCHARDON, qui lui, signe aussi la Cr\u00e9ation des Lumi\u00e8res.\r\n\r\n \r\n\r\nDur\u00e9e: 1h35\r\n\r\nDu 27 Mai au 30 Ao\u00fbt 2026\r\n\r\nDu Mercredi au Samedi \u00e0 20h30\r\n\r\nMatin\u00e9e les Dimanches \u00e0 17h00\r\n\r\n \r\n\r\n\r\n \r\n\r\nTH\u00c9\u00c2TRE LE LUCERNAIRE\r\n\r\n01 45 44 57 34\r\n\r\n \r\n\r\n \r\n\r\nRobert BONNARDOT<\/p>","protected":false},"excerpt":{"rendered":"<p>Une pi\u00e8ce inusable de Georges FEYDEAU, adapt\u00e9e ici par Philippe PERSON, dont le nom est li\u00e9 au Lucernaire. Elle est jou\u00e9e par le Collectif Paradis, tous issus de l&rsquo;\u00e9cole de th\u00e9\u00e2tre du Lucernaire. Le Pitch: \u00ab\u00a0Le Docteur Petypon, a pass\u00e9 la nuit chez Maxim avec son ami Mongicourt. Ce dernier le retrouve endormi&#8230; \u00e0 midi [&hellip;]<\/p>\n","protected":false},"author":11,"featured_media":0,"comment_status":"closed","ping_status":"open","sticky":false,"template":"","format":"standard","meta":{"footnotes":""},"categories":[],"tags":[],"_links":{"self":[{"href":"https:\/\/www.yvelinesradio.com\/radio\/wp-json\/wp\/v2\/posts\/2461"}],"collection":[{"href":"https:\/\/www.yvelinesradio.com\/radio\/wp-json\/wp\/v2\/posts"}],"about":[{"href":"https:\/\/www.yvelinesradio.com\/radio\/wp-json\/wp\/v2\/types\/post"}],"author":[{"embeddable":true,"href":"https:\/\/www.yvelinesradio.com\/radio\/wp-json\/wp\/v2\/users\/11"}],"replies":[{"embeddable":true,"href":"https:\/\/www.yvelinesradio.com\/radio\/wp-json\/wp\/v2\/comments?post=2461"}],"version-history":[{"count":0,"href":"https:\/\/www.yvelinesradio.com\/radio\/wp-json\/wp\/v2\/posts\/2461\/revisions"}],"wp:attachment":[{"href":"https:\/\/www.yvelinesradio.com\/radio\/wp-json\/wp\/v2\/media?parent=2461"}],"wp:term":[{"taxonomy":"category","embeddable":true,"href":"https:\/\/www.yvelinesradio.com\/radio\/wp-json\/wp\/v2\/categories?post=2461"},{"taxonomy":"post_tag","embeddable":true,"href":"https:\/\/www.yvelinesradio.com\/radio\/wp-json\/wp\/v2\/tags?post=2461"}],"curies":[{"name":"wp","href":"https:\/\/api.w.org\/{rel}","templated":true}]}}