{"id":2460,"date":"2026-04-27T00:00:00","date_gmt":"2026-04-27T00:00:00","guid":{"rendered":""},"modified":"2026-04-27T00:00:00","modified_gmt":"2026-04-27T00:00:00","slug":"20260429761336","status":"publish","type":"post","link":"https:\/\/www.yvelinesradio.com\/radio\/2026\/04\/27\/20260429761336\/","title":{"rendered":"MANIA pour THE ABBA TRIBUTE de retour en France"},"content":{"rendered":"<figure class=\"wp-block-image size-full\"><img decoding=\"async\" src=\"https:\/\/www.yvelinesradio.com\/infos\/chroniques\/SORTIES_A_PARIS__MANIA_pour_THE_ABBA_TRIBUTE_de_retour_en__6149175991.jpg\"alt=\"\" class=\"wp-image-32\" \/><\/figure><figure class=\"wp-block-audio\"><audio controls src=\"https:\/\/www.yvelinesradio.com\/infos\/chroniques\/SORTIES_A_PARIS__MANIA_pour_THE_ABBA_TRIBUTE_de_retour_en__7577560886.mp3\"><\/audio><\/figure><p>Un spectacle propos\u00e9 par London&rsquo;s West End, qui remporte toujours un vif succ\u00e8s, \u00e0 chacun de leurs passages en France.\r\n\r\n\u00ab\u00a0THE ABBA TRIBUTE\u00a0\u00bb, vous restitue le son et la chaleur du groupe ABBA.\r\n\r\nUn Show \u00e0 voir ou revoir, pour les fans de Tribute et de ce groupe l\u00e9gendaire.\r\n\r\nLa Tourn\u00e9e:\r\n\r\n \r\n\r\nSeptembre 2026\r\n\r\nMardi 15 septembre : Beauvais &#8211; Elispace\r\nJeudi 17 septembre : Brest &#8211; Arena\r\nVendredi 18 septembre : Tr\u00e9laz\u00e9 (Angers) &#8211; Arena Loire\r\nSamedi 19 septembre : Lorient &#8211; Parc des Expositions\r\nDimanche 20 septembre : Le Mans &#8211; Antar\u00e8s\r\nMardi 22 septembre : Paris &#8211; Le Grand Rex\r\nMercredi 23 septembre : Orl\u00e9ans &#8211; Z\u00e9nith\r\nJeudi 24 septembre : Dijon &#8211; Z\u00e9nith\r\nVendredi 25 septembre : Nancy &#8211; Z\u00e9nith\r\nSamedi 26 septembre : Bourg-en-Bresse &#8211; Ekinox\r\nDimanche 27 septembre : Saint-\u00c9tienne &#8211; Z\u00e9nith\r\nMercredi 30 septembre : Narbonne &#8211; Arena\r\nOctobre 2026\r\n\r\nJeudi 1er octobre : Aix-en-Provence &#8211; Arena\r\nVendredi 02 octobre : Le Cannet &#8211; La Palestre\r\nSamedi 03 octobre : Grenoble &#8211; Le Summum\r\nDimanche 04 octobre : Roanne &#8211; Le Scarab\u00e9e\r\nVous pourrez donc les retrouver \u00e0 Paris, et cette fois,  c&rsquo;est au GRAND REX.\r\n\r\nMardi 22 Septembre 2026 \u00e0 20h30\r\n\r\n \r\n\r\nDur\u00e9e: 2h00\r\n\r\n\r\n \r\n\r\nTH\u00c9\u00c2TRE LE GRAND REX\r\n\r\n01 45 08 93 89\r\n\r\n \r\n\r\n \r\n\r\nRobert BONNARDOT<\/p>","protected":false},"excerpt":{"rendered":"<p>Un spectacle propos\u00e9 par London&rsquo;s West End, qui remporte toujours un vif succ\u00e8s, \u00e0 chacun de leurs passages en France. \u00ab\u00a0THE ABBA TRIBUTE\u00a0\u00bb, vous restitue le son et la chaleur du groupe ABBA. Un Show \u00e0 voir ou revoir, pour les fans de Tribute et de ce groupe l\u00e9gendaire. La Tourn\u00e9e: Septembre 2026 Mardi 15 [&hellip;]<\/p>\n","protected":false},"author":11,"featured_media":0,"comment_status":"closed","ping_status":"open","sticky":false,"template":"","format":"standard","meta":{"footnotes":""},"categories":[],"tags":[],"_links":{"self":[{"href":"https:\/\/www.yvelinesradio.com\/radio\/wp-json\/wp\/v2\/posts\/2460"}],"collection":[{"href":"https:\/\/www.yvelinesradio.com\/radio\/wp-json\/wp\/v2\/posts"}],"about":[{"href":"https:\/\/www.yvelinesradio.com\/radio\/wp-json\/wp\/v2\/types\/post"}],"author":[{"embeddable":true,"href":"https:\/\/www.yvelinesradio.com\/radio\/wp-json\/wp\/v2\/users\/11"}],"replies":[{"embeddable":true,"href":"https:\/\/www.yvelinesradio.com\/radio\/wp-json\/wp\/v2\/comments?post=2460"}],"version-history":[{"count":0,"href":"https:\/\/www.yvelinesradio.com\/radio\/wp-json\/wp\/v2\/posts\/2460\/revisions"}],"wp:attachment":[{"href":"https:\/\/www.yvelinesradio.com\/radio\/wp-json\/wp\/v2\/media?parent=2460"}],"wp:term":[{"taxonomy":"category","embeddable":true,"href":"https:\/\/www.yvelinesradio.com\/radio\/wp-json\/wp\/v2\/categories?post=2460"},{"taxonomy":"post_tag","embeddable":true,"href":"https:\/\/www.yvelinesradio.com\/radio\/wp-json\/wp\/v2\/tags?post=2460"}],"curies":[{"name":"wp","href":"https:\/\/api.w.org\/{rel}","templated":true}]}}