{"id":2454,"date":"2026-04-25T00:00:00","date_gmt":"2026-04-25T00:00:00","guid":{"rendered":""},"modified":"2026-04-25T00:00:00","modified_gmt":"2026-04-25T00:00:00","slug":"20260427361051","status":"publish","type":"post","link":"https:\/\/www.yvelinesradio.com\/radio\/2026\/04\/25\/20260427361051\/","title":{"rendered":"\u00ab\u00a0TOUTE LA MER DU MONDE\u00a0\u00bb par Alexis DEMASTRO"},"content":{"rendered":"<figure class=\"wp-block-image size-full\"><img decoding=\"async\" src=\"https:\/\/www.yvelinesradio.com\/infos\/chroniques\/SORTIES_A_PARIS___TOUTE_LA_MER_DU_MONDE__par_Alexis_DEMAS__2686369885.jpg\"alt=\"\" class=\"wp-image-32\" \/><\/figure><figure class=\"wp-block-audio\"><audio controls src=\"https:\/\/www.yvelinesradio.com\/infos\/chroniques\/SORTIES_A_PARIS___TOUTE_LA_MER_DU_MONDE__par_Alexis_DEMAS__1911223948.mp3\"><\/audio><\/figure><p>Un spectacle musical, propos\u00e9 par Alexis DEMASTRO.\r\n\r\nCet artiste sera \u00e0 l&rsquo;affiche du Th\u00e9\u00e2tre l&rsquo;Albatros, \u00e0 l&rsquo;occasion du prochain festival OFF 2026, en Avignon.\r\n\r\nEn r\u00e9sum\u00e9:\r\n\r\n\u00ab\u00a0C&rsquo;est l&rsquo;histoire d&rsquo;un homme qui revient sur sc\u00e8ne apr\u00e8s 10 ans d&rsquo;arr\u00eat&#8230; et plus il en parle, moins il chante&#8230; plus on est pris dans sa vie, par la vie&#8230; et on oublie&#8230; qu&rsquo;on est venu pour un concert. Il est venu avec sa r\u00e9gisseuse son, Sabine, qui est \u00e0 ses c\u00f4t\u00e9s, sur sc\u00e8ne, pour l&rsquo;\u00e9pauler. Mais ce n&rsquo;est pas facile pour elle de comprendre Delmastro tant ces improvisations sont impr\u00e9vues.\u00a0\u00bb\r\n\r\nGuitare\/Chant: Alexis DEMASTRO\r\n\r\nMusique: Florence CARTIGNY\r\n\r\nR\u00e9gie: Sabine DECARPENTRIE\r\n\r\nCoach Vocal: Muriel BENAZERAF\r\n\r\n \r\n\r\nDur\u00e9e: 1h05\r\n\r\n \r\n\r\nAVIGNON &#8211; Th\u00e9\u00e2tre de l&rsquo;Albatros\r\n\r\nDu 4 au 25 Juillet 2026, \u00e0 20h30\r\n\r\n(Rel\u00e2ches: Les Jeudis 9, 16, 23 Juillet)\r\n\r\n \r\n\r\nUne Avant-Premi\u00e8re Parisienne est organis\u00e9e le jeudi 4 Mai \u00e0 19h00 et 21h00\r\n\r\n \r\n\r\n\r\n \r\n\r\nP\u00c9NICHE \u00ab\u00a0GRANDE FANTAISIE\u00a0\u00bb\r\n\r\n3, Quai de l&rsquo;Oise\r\n\r\n75019 PARIS\r\n\r\n06 50 51 73 84\r\n\r\n \r\n\r\n \r\n\r\nRobert BONNARDOT<\/p>","protected":false},"excerpt":{"rendered":"<p>Un spectacle musical, propos\u00e9 par Alexis DEMASTRO. Cet artiste sera \u00e0 l&rsquo;affiche du Th\u00e9\u00e2tre l&rsquo;Albatros, \u00e0 l&rsquo;occasion du prochain festival OFF 2026, en Avignon. En r\u00e9sum\u00e9: \u00ab\u00a0C&rsquo;est l&rsquo;histoire d&rsquo;un homme qui revient sur sc\u00e8ne apr\u00e8s 10 ans d&rsquo;arr\u00eat&#8230; et plus il en parle, moins il chante&#8230; plus on est pris dans sa vie, par la [&hellip;]<\/p>\n","protected":false},"author":11,"featured_media":0,"comment_status":"closed","ping_status":"open","sticky":false,"template":"","format":"standard","meta":{"footnotes":""},"categories":[],"tags":[],"_links":{"self":[{"href":"https:\/\/www.yvelinesradio.com\/radio\/wp-json\/wp\/v2\/posts\/2454"}],"collection":[{"href":"https:\/\/www.yvelinesradio.com\/radio\/wp-json\/wp\/v2\/posts"}],"about":[{"href":"https:\/\/www.yvelinesradio.com\/radio\/wp-json\/wp\/v2\/types\/post"}],"author":[{"embeddable":true,"href":"https:\/\/www.yvelinesradio.com\/radio\/wp-json\/wp\/v2\/users\/11"}],"replies":[{"embeddable":true,"href":"https:\/\/www.yvelinesradio.com\/radio\/wp-json\/wp\/v2\/comments?post=2454"}],"version-history":[{"count":0,"href":"https:\/\/www.yvelinesradio.com\/radio\/wp-json\/wp\/v2\/posts\/2454\/revisions"}],"wp:attachment":[{"href":"https:\/\/www.yvelinesradio.com\/radio\/wp-json\/wp\/v2\/media?parent=2454"}],"wp:term":[{"taxonomy":"category","embeddable":true,"href":"https:\/\/www.yvelinesradio.com\/radio\/wp-json\/wp\/v2\/categories?post=2454"},{"taxonomy":"post_tag","embeddable":true,"href":"https:\/\/www.yvelinesradio.com\/radio\/wp-json\/wp\/v2\/tags?post=2454"}],"curies":[{"name":"wp","href":"https:\/\/api.w.org\/{rel}","templated":true}]}}