{"id":2453,"date":"2026-04-24T00:00:00","date_gmt":"2026-04-24T00:00:00","guid":{"rendered":""},"modified":"2026-04-24T00:00:00","modified_gmt":"2026-04-24T00:00:00","slug":"20260426505641","status":"publish","type":"post","link":"https:\/\/www.yvelinesradio.com\/radio\/2026\/04\/24\/20260426505641\/","title":{"rendered":"\u00ab\u00a0ENQU\u00caTE DE FAMILLE\u00a0\u00bb  Th\u00e9\u00e2tre LA REINE BLANCHE"},"content":{"rendered":"<figure class=\"wp-block-image size-full\"><img decoding=\"async\" src=\"https:\/\/www.yvelinesradio.com\/infos\/chroniques\/SORTIES_A_PARIS___ENQU_TE_DE_FAMILLE___Th__tre_LA_REINE_B__0737846885.jpg\"alt=\"\" class=\"wp-image-32\" \/><\/figure><figure class=\"wp-block-audio\"><audio controls src=\"https:\/\/www.yvelinesradio.com\/infos\/chroniques\/SORTIES_A_PARIS___ENQU_TE_DE_FAMILLE___Th__tre_LA_REINE_B__7286674486.mp3\"><\/audio><\/figure><p>Une adaptation th\u00e9\u00e2trale du Livre de Jacques ATTALI, (publi\u00e9 en 2022), \u00ab\u00a0LE LIVRE DE RAISON\u00a0\u00bb, que nous devons \u00e0 \u00c9lisabeth BOUCHAUD\r\n\r\net Beno\u00eet DI MARCO;\r\n\r\n \r\n\r\nLe Pitch:\r\n\r\n\u00ab\u00a0Un journaliste du New-York Times vient interviewer Sophie Chardin, petite-fille du grand violoniste Paul Chardin, pour comm\u00e9morer le trenti\u00e8me anniversaire de sa mort. Mais cet immense artiste est un personnage trouble, qui a travaill\u00e9 \u00e0 \u00ab l&rsquo;\u00e9puration de la musique \u00bb pour le gouvernement de Vichy. Durant cette enqu\u00eate, o\u00f9 viennent t\u00e9moigner les fant\u00f4mes de la famille, chacun se d\u00e9voile petit \u00e0 petit. \u00a0\u00bb\r\n\r\nAvec:\r\n\r\nAdrien MADINIER\r\n\r\nMatila MALLIARAKIS\r\n\r\nIsis RAVEL\r\n\r\nNicolas VIAL\r\n\r\n \r\n\r\nCollaboration Artistique: \u00c9lisabeth BOUCHAUD, Beno\u00eet DI MARCO, Herv\u00e9 DUBOURJAL, Cl\u00e9mentine LEBOCEY.\r\n\r\n \r\n\r\nSc\u00e9nographie: Lucas ANTONUCCI\r\n\r\nCr\u00e9ation Lumi\u00e8res: Philippe SAZERAT\r\n\r\nCr\u00e9ation Vid\u00e9o: Thomas BOUVET\r\n\r\nCr\u00e9ation Sonore: Mme Miniature &#038; Tom BEAUSEIGNEUR\r\n\r\nCostumes: Thelma DI MARCO BOURGEON\r\n\r\net \u00c9lise MASSIN MEVEL;\r\n\r\n \r\n\r\nJusqu&rsquo;au 17 Mai 2026\r\n\r\nDu Mercredi au Vendredi \u00e0 19h00\r\n\r\nMatin\u00e9es les Samedis \u00e0 18h00, et les Dimanches \u00e0 16h00\r\n\r\n(Rel\u00e2che le Vendredi 1er Mai)\r\n\r\n \r\n\r\n(Ce spectacle sera \u00e0 l&rsquo;affiche du prochain festival Off, en Avignon &#8211; Th\u00e9\u00e2tre  La Reine Blanche &#8211; Avignon -)\r\n\r\n \r\n\r\nDur\u00e9e: 1h15\r\n\r\n\r\nTH\u00c9\u00c2TRE LA REINE BLANCHE &#8211; PARIS\r\n\r\n01 40 05 06 96\r\n\r\n \r\n\r\nRobert BONNARDOT<\/p>","protected":false},"excerpt":{"rendered":"<p>Une adaptation th\u00e9\u00e2trale du Livre de Jacques ATTALI, (publi\u00e9 en 2022), \u00ab\u00a0LE LIVRE DE RAISON\u00a0\u00bb, que nous devons \u00e0 \u00c9lisabeth BOUCHAUD et Beno\u00eet DI MARCO; Le Pitch: \u00ab\u00a0Un journaliste du New-York Times vient interviewer Sophie Chardin, petite-fille du grand violoniste Paul Chardin, pour comm\u00e9morer le trenti\u00e8me anniversaire de sa mort. Mais cet immense artiste est [&hellip;]<\/p>\n","protected":false},"author":11,"featured_media":0,"comment_status":"closed","ping_status":"open","sticky":false,"template":"","format":"standard","meta":{"footnotes":""},"categories":[],"tags":[],"_links":{"self":[{"href":"https:\/\/www.yvelinesradio.com\/radio\/wp-json\/wp\/v2\/posts\/2453"}],"collection":[{"href":"https:\/\/www.yvelinesradio.com\/radio\/wp-json\/wp\/v2\/posts"}],"about":[{"href":"https:\/\/www.yvelinesradio.com\/radio\/wp-json\/wp\/v2\/types\/post"}],"author":[{"embeddable":true,"href":"https:\/\/www.yvelinesradio.com\/radio\/wp-json\/wp\/v2\/users\/11"}],"replies":[{"embeddable":true,"href":"https:\/\/www.yvelinesradio.com\/radio\/wp-json\/wp\/v2\/comments?post=2453"}],"version-history":[{"count":0,"href":"https:\/\/www.yvelinesradio.com\/radio\/wp-json\/wp\/v2\/posts\/2453\/revisions"}],"wp:attachment":[{"href":"https:\/\/www.yvelinesradio.com\/radio\/wp-json\/wp\/v2\/media?parent=2453"}],"wp:term":[{"taxonomy":"category","embeddable":true,"href":"https:\/\/www.yvelinesradio.com\/radio\/wp-json\/wp\/v2\/categories?post=2453"},{"taxonomy":"post_tag","embeddable":true,"href":"https:\/\/www.yvelinesradio.com\/radio\/wp-json\/wp\/v2\/tags?post=2453"}],"curies":[{"name":"wp","href":"https:\/\/api.w.org\/{rel}","templated":true}]}}