{"id":2390,"date":"2026-03-16T00:00:00","date_gmt":"2026-03-16T00:00:00","guid":{"rendered":""},"modified":"2026-03-16T00:00:00","modified_gmt":"2026-03-16T00:00:00","slug":"20260317211333","status":"publish","type":"post","link":"https:\/\/www.yvelinesradio.com\/radio\/2026\/03\/16\/20260317211333\/","title":{"rendered":"Quel que soit le r\u00e9sultat de votre ville, entrez en \u00ab\u00a0R\u00e9sistance douce\u00a0\u00bb avec Laur\u00e8ne !"},"content":{"rendered":"<figure class=\"wp-block-image size-full\"><img decoding=\"async\" src=\"https:\/\/www.yvelinesradio.com\/infos\/emissions\/KITSCH_ET_NET__Quel_que_soit_le_r_sultat_de_votre_ville__1396381616.png\"alt=\"\" class=\"wp-image-32\" \/><\/figure><figure class=\"wp-block-audio\"><audio controls src=\"https:\/\/www.yvelinesradio.com\/infos\/emissions\/KITSCH_ET_NET__Quel_que_soit_le_r_sultat_de_votre_ville__2063945448.mp3\"><\/audio><\/figure><p>D\u00e9couvrez ou red\u00e9couvrez la musique kitsch, r\u00e9tro, d\u00e9cal\u00e9e propos\u00e9e par notre \u00e9quipe d&rsquo;experts en kitschologie : Olivier, Agn\u00e8s, Lucie &#038; le Professeur Depuipeu.\r\n\r\nRejoignez-nous pour une heure de d\u00e9lires kitschs ! Alors que le monde flambe\u0085 et les prix de l&rsquo;\u00e9nergie aussi, entrons en r\u00e9sistance\u0085 mais douce gr\u00e2ce \u00e0 la valeur constante du kitsch cette semaine dans notre \u00e9mission ! Nous vous faisons d\u00e9couvrir l&rsquo;artiste \u00e9lectro et d\u00e9croissant Nicolas Jules et accueillons una artiste qui a repris \u00e0 sa fa\u00e7on l&rsquo;une de ses chansons : Laur\u00e8ne !\r\n\r\nApr\u00e8s \u0091Les poisons du rem\u00e8de \u00bb, la jeune artiste vous propose justement une \u00ab R\u00e9sistance douce \u00bb : tel est le titre de son EP ! Un opus apais\u00e9 tout en restant sensible, qui nous invite \u00e0 nous \u00e9couter, nous accepter et nous aimer nous-m\u00eames pour une sant\u00e9 mentale au beau fixe. Un baume \u00e0 nos oreilles dont elle vous offrira un joli extrait \u00e0 la voix et au clavier, avant que vous l&rsquo;applaudissiez du 12 au 14 juin au Festival \u00ab les Tabarderies \u00bb \u00e0 Ch\u00e2teau Landon\u0085\r\n\r\nLes \u00ab artistes \u00bb mis en avant das notre videoKITSCH n&rsquo;ont pas r\u00e9sist\u00e9 aux ann\u00e9es tr\u00e8s longtemps : les 2be3 et leur titre \u00ab donne \u00bbn dont le clip fut tourn\u00e9 dans une \u00eele paradisiaque\u0085 afin sans doute de mettre davantage en valeur la plastique de ses membres que leurs voix ! Mis \u00e0 l&rsquo;honneur dans la s\u00e9rie \u00ab Culte\u00e9n Filip, Adel et Frank, avaient \u00e9galement droit, \u00e0 lk&rsquo;\u00e9poquen \u00e7 leur propre sitcom sur TF1n intitul\u00e9e \u00ab Pour \u00eatre libre \u00bb\u0085 De quoi d\u00e9j\u00e0 \u00e9moustiller les jeunes filles en fleurs, en boutons et en appareils dentaires !\r\n\r\nNous r\u00e9unissons toutes ces oeuvres musicales, oubli\u00e9es ou jamais connues, dans notre \u00ab kitschenette \u00bb, pour vous mitonner une cuisine sonore nouvelle et non calorique (ou si peu\u0085) aux parfums in\u00e9dits et savoureux !\r\n\r\nRetrouvez-nous lundi de 19h \u00e0 20h, mercredi de 9h \u00e0 10h, et vendredi de 21h \u00e0 22h, sur Yvelines Radio. Pour le meilleur et pour le rire\u0085\r\n\r\nEt pour poursuivre l&rsquo;aventure, rendez-vous aussi sur notre site:\r\n\r\nhttp:\/\/www.kitschetnet.fr<\/p>","protected":false},"excerpt":{"rendered":"<p>D\u00e9couvrez ou red\u00e9couvrez la musique kitsch, r\u00e9tro, d\u00e9cal\u00e9e propos\u00e9e par notre \u00e9quipe d&rsquo;experts en kitschologie : Olivier, Agn\u00e8s, Lucie &#038; le Professeur Depuipeu. Rejoignez-nous pour une heure de d\u00e9lires kitschs ! Alors que le monde flambe\u0085 et les prix de l&rsquo;\u00e9nergie aussi, entrons en r\u00e9sistance\u0085 mais douce gr\u00e2ce \u00e0 la valeur constante du kitsch cette [&hellip;]<\/p>\n","protected":false},"author":12,"featured_media":0,"comment_status":"closed","ping_status":"open","sticky":false,"template":"","format":"standard","meta":{"footnotes":""},"categories":[],"tags":[],"_links":{"self":[{"href":"https:\/\/www.yvelinesradio.com\/radio\/wp-json\/wp\/v2\/posts\/2390"}],"collection":[{"href":"https:\/\/www.yvelinesradio.com\/radio\/wp-json\/wp\/v2\/posts"}],"about":[{"href":"https:\/\/www.yvelinesradio.com\/radio\/wp-json\/wp\/v2\/types\/post"}],"author":[{"embeddable":true,"href":"https:\/\/www.yvelinesradio.com\/radio\/wp-json\/wp\/v2\/users\/12"}],"replies":[{"embeddable":true,"href":"https:\/\/www.yvelinesradio.com\/radio\/wp-json\/wp\/v2\/comments?post=2390"}],"version-history":[{"count":0,"href":"https:\/\/www.yvelinesradio.com\/radio\/wp-json\/wp\/v2\/posts\/2390\/revisions"}],"wp:attachment":[{"href":"https:\/\/www.yvelinesradio.com\/radio\/wp-json\/wp\/v2\/media?parent=2390"}],"wp:term":[{"taxonomy":"category","embeddable":true,"href":"https:\/\/www.yvelinesradio.com\/radio\/wp-json\/wp\/v2\/categories?post=2390"},{"taxonomy":"post_tag","embeddable":true,"href":"https:\/\/www.yvelinesradio.com\/radio\/wp-json\/wp\/v2\/tags?post=2390"}],"curies":[{"name":"wp","href":"https:\/\/api.w.org\/{rel}","templated":true}]}}