{"id":2387,"date":"2026-03-13T00:00:00","date_gmt":"2026-03-13T00:00:00","guid":{"rendered":""},"modified":"2026-03-13T00:00:00","modified_gmt":"2026-03-13T00:00:00","slug":"20260315624182","status":"publish","type":"post","link":"https:\/\/www.yvelinesradio.com\/radio\/2026\/03\/13\/20260315624182\/","title":{"rendered":"\u00ab\u00a0AILLEURS\/APR\u00c8S\u00a0\u00bb de retour \u00e0 La P\u00e9pini\u00e8re Th\u00e9\u00e2tre"},"content":{"rendered":"<figure class=\"wp-block-image size-full\"><img decoding=\"async\" src=\"https:\/\/www.yvelinesradio.com\/infos\/chroniques\/SORTIES_A_PARIS___AILLEURS_APR_S__de_retour___La_P_pini_r__3966379171.png\"alt=\"\" class=\"wp-image-32\" \/><\/figure><figure class=\"wp-block-audio\"><audio controls src=\"https:\/\/www.yvelinesradio.com\/infos\/chroniques\/SORTIES_A_PARIS___AILLEURS_APR_S__de_retour___La_P_pini_r__9424684755.mp3\"><\/audio><\/figure><p>J&rsquo;ai vu cette pi\u00e8ce, \u00e0 ne pas manquer, au Th\u00e9\u00e2tre du Petit-Montparnasse en Octobre 2025.\r\n\r\nJe disais:\r\n\r\n \r\n\r\n\u00ab\u00a0Deux voisins qui se d\u00e9couvrent.Elle a 30 ans, et lui quelques ann\u00e9es de plus&#8230; Il est veuf, elle vient de rompre.\r\n\r\nElle lui propose de partir en vacances tous les deux&#8230; Il refuse, elle insiste&#8230; Et \u00e0 bord d&rsquo;une vieille Talbot Simca d\u00e9capotable, ils prennent la route, direction l&rsquo;Ouest, avec leurs r\u00eaves et leurs fichus caract\u00e8res !\r\n\r\nUn spectacle plein de tendresse, avec deux com\u00e9diens exceptionnels.\u00a0\u00bb\r\n\r\nC&rsquo;est une repr\u00e9sentation  qui donne le coeur l\u00e9ger, une escapade dans un monde parfait, qui va vous gonfler de bonheur !\r\n\r\nC&rsquo;est vraiment, une totale r\u00e9ussite!\r\n\r\nL&rsquo;assurance de ressortir du th\u00e9\u00e2tre, des r\u00eaves de bonheur, plein la t\u00eate&#8230;\r\n\r\n \r\n\r\nUn texte de Arnaud B\u00c9DOUET, dont j&rsquo;avais beaucoup aim\u00e9 son \u00ab\u00a0Gustave\u00a0\u00bb an 2014, avec Jacques WEBER, au Th\u00e9\u00e2tre de l&rsquo;Atelier.\r\n\r\n \r\n\r\nAvec: Philippe MAGNAN &#038; Lou CHAUVAIN\r\n\r\nSc\u00e9nographie: James BRANDILY\r\n\r\nCostumes: Julia ALL\u00c8GRE\r\n\r\nSons: Aldo GILBERT\r\n\r\nVid\u00e9o: Mathias DELFAU\r\n\r\nLumi\u00e8res: Michel GUELDRY\r\n\r\n \r\n\r\nMise en Sc\u00e8ne: Catherine SCHAUB, assist\u00e9e de Fr\u00e9d\u00e9ric BARON.\r\n\r\n \r\n\r\nLes Vendredis et Samedis \u00e0 21h00\r\n\r\nDur\u00e9e: 1h20\r\n\r\n \r\n\r\n\r\n \r\n\r\nLA P\u00c9PINI\u00c8RE TH\u00c8\u00c2TRE\r\n\r\n(Salle o\u00f9 j&rsquo;ai vu beaucoup de spectacles, \u00e0 l&rsquo;\u00e9poque de Vincent SERREAU, ex-attach\u00e9 de presse)\r\n\r\n01 42 61 44 16\r\n\r\n \r\n\r\nRobert BONNARDOT<\/p>","protected":false},"excerpt":{"rendered":"<p>J&rsquo;ai vu cette pi\u00e8ce, \u00e0 ne pas manquer, au Th\u00e9\u00e2tre du Petit-Montparnasse en Octobre 2025. Je disais: \u00ab\u00a0Deux voisins qui se d\u00e9couvrent.Elle a 30 ans, et lui quelques ann\u00e9es de plus&#8230; Il est veuf, elle vient de rompre. Elle lui propose de partir en vacances tous les deux&#8230; Il refuse, elle insiste&#8230; Et \u00e0 bord [&hellip;]<\/p>\n","protected":false},"author":11,"featured_media":0,"comment_status":"closed","ping_status":"open","sticky":false,"template":"","format":"standard","meta":{"footnotes":""},"categories":[],"tags":[],"_links":{"self":[{"href":"https:\/\/www.yvelinesradio.com\/radio\/wp-json\/wp\/v2\/posts\/2387"}],"collection":[{"href":"https:\/\/www.yvelinesradio.com\/radio\/wp-json\/wp\/v2\/posts"}],"about":[{"href":"https:\/\/www.yvelinesradio.com\/radio\/wp-json\/wp\/v2\/types\/post"}],"author":[{"embeddable":true,"href":"https:\/\/www.yvelinesradio.com\/radio\/wp-json\/wp\/v2\/users\/11"}],"replies":[{"embeddable":true,"href":"https:\/\/www.yvelinesradio.com\/radio\/wp-json\/wp\/v2\/comments?post=2387"}],"version-history":[{"count":0,"href":"https:\/\/www.yvelinesradio.com\/radio\/wp-json\/wp\/v2\/posts\/2387\/revisions"}],"wp:attachment":[{"href":"https:\/\/www.yvelinesradio.com\/radio\/wp-json\/wp\/v2\/media?parent=2387"}],"wp:term":[{"taxonomy":"category","embeddable":true,"href":"https:\/\/www.yvelinesradio.com\/radio\/wp-json\/wp\/v2\/categories?post=2387"},{"taxonomy":"post_tag","embeddable":true,"href":"https:\/\/www.yvelinesradio.com\/radio\/wp-json\/wp\/v2\/tags?post=2387"}],"curies":[{"name":"wp","href":"https:\/\/api.w.org\/{rel}","templated":true}]}}