{"id":2386,"date":"2026-03-11T00:00:00","date_gmt":"2026-03-11T00:00:00","guid":{"rendered":""},"modified":"2026-03-11T00:00:00","modified_gmt":"2026-03-11T00:00:00","slug":"20260313415186","status":"publish","type":"post","link":"https:\/\/www.yvelinesradio.com\/radio\/2026\/03\/11\/20260313415186\/","title":{"rendered":"\u00ab\u00a0BOB et MOI\u00a0\u00bb \u00e0 La SCALA de PARIS"},"content":{"rendered":"<figure class=\"wp-block-image size-full\"><img decoding=\"async\" src=\"https:\/\/www.yvelinesradio.com\/infos\/chroniques\/SORTIES_A_PARIS___BOB_et_MOI____La_SCALA_de_PARIS__3746082120.jpg\"alt=\"\" class=\"wp-image-32\" \/><\/figure><figure class=\"wp-block-audio\"><audio controls src=\"https:\/\/www.yvelinesradio.com\/infos\/chroniques\/SORTIES_A_PARIS___BOB_et_MOI____La_SCALA_de_PARIS__3936616228.mp3\"><\/audio><\/figure><p>\u00ab\u00a0BOB ET MOI\u00a0\u00bb,\r\n\r\nUn spectacle de Alexandre VIRAPIN et  Jules MEARY.\r\n\r\nLe Pitch:\r\n\r\n\u00ab\u00a0Une nuit d&rsquo;insomnie, un enfant en proie \u00e0 ses d\u00e9mons, d\u00e9couvre la musique de Bob MARLEY, une d\u00e9couverte qui va changer sa vie&#8230;\u00a0\u00bb\r\n\r\nAvec: Alexandre VIRAPIN\r\n\r\n \r\n\r\nMise en Sc\u00e8ne: Jules MEARY\r\n\r\n \r\n\r\nJusqu&rsquo;au 26 Mai 2026\r\n\r\nLes Mardis et Mercredis \u00e0  21h15\r\n\r\n(Repr\u00e9sentations suppl\u00e9mentaires Les Mercredis 25 Mars, 1er  et 8 Avril.)\r\n\r\n \r\n\r\nCr\u00e9ation Lumi\u00e8res: Beno\u00eet BROCHARD\r\n\r\nCr\u00e9ation Sons: Marine IGER\r\n\r\n \r\n\r\nDur\u00e9e: 1h30\r\n\r\n \r\n\r\n\r\n \r\n\r\nLA SCALA DE PARIS\r\n\r\n01 40 03 44 30\r\n\r\n \r\n\r\nRobert BONNARDOT\r\n\r\n \r\n\r\n <\/p>","protected":false},"excerpt":{"rendered":"<p>\u00ab\u00a0BOB ET MOI\u00a0\u00bb, Un spectacle de Alexandre VIRAPIN et Jules MEARY. Le Pitch: \u00ab\u00a0Une nuit d&rsquo;insomnie, un enfant en proie \u00e0 ses d\u00e9mons, d\u00e9couvre la musique de Bob MARLEY, une d\u00e9couverte qui va changer sa vie&#8230;\u00a0\u00bb Avec: Alexandre VIRAPIN Mise en Sc\u00e8ne: Jules MEARY Jusqu&rsquo;au 26 Mai 2026 Les Mardis et Mercredis \u00e0 21h15 (Repr\u00e9sentations [&hellip;]<\/p>\n","protected":false},"author":11,"featured_media":0,"comment_status":"closed","ping_status":"open","sticky":false,"template":"","format":"standard","meta":{"footnotes":""},"categories":[],"tags":[],"_links":{"self":[{"href":"https:\/\/www.yvelinesradio.com\/radio\/wp-json\/wp\/v2\/posts\/2386"}],"collection":[{"href":"https:\/\/www.yvelinesradio.com\/radio\/wp-json\/wp\/v2\/posts"}],"about":[{"href":"https:\/\/www.yvelinesradio.com\/radio\/wp-json\/wp\/v2\/types\/post"}],"author":[{"embeddable":true,"href":"https:\/\/www.yvelinesradio.com\/radio\/wp-json\/wp\/v2\/users\/11"}],"replies":[{"embeddable":true,"href":"https:\/\/www.yvelinesradio.com\/radio\/wp-json\/wp\/v2\/comments?post=2386"}],"version-history":[{"count":0,"href":"https:\/\/www.yvelinesradio.com\/radio\/wp-json\/wp\/v2\/posts\/2386\/revisions"}],"wp:attachment":[{"href":"https:\/\/www.yvelinesradio.com\/radio\/wp-json\/wp\/v2\/media?parent=2386"}],"wp:term":[{"taxonomy":"category","embeddable":true,"href":"https:\/\/www.yvelinesradio.com\/radio\/wp-json\/wp\/v2\/categories?post=2386"},{"taxonomy":"post_tag","embeddable":true,"href":"https:\/\/www.yvelinesradio.com\/radio\/wp-json\/wp\/v2\/tags?post=2386"}],"curies":[{"name":"wp","href":"https:\/\/api.w.org\/{rel}","templated":true}]}}