{"id":2385,"date":"2026-03-11T00:00:00","date_gmt":"2026-03-11T00:00:00","guid":{"rendered":""},"modified":"2026-03-11T00:00:00","modified_gmt":"2026-03-11T00:00:00","slug":"20260313867458","status":"publish","type":"post","link":"https:\/\/www.yvelinesradio.com\/radio\/2026\/03\/11\/20260313867458\/","title":{"rendered":"\u00ab\u00a0LE MURMURE DE LA DERNI\u00c8RE C\u00c8NE\u00a0\u00bb au Th\u00e9\u00e2tre PIXEL"},"content":{"rendered":"<figure class=\"wp-block-image size-full\"><img decoding=\"async\" src=\"https:\/\/www.yvelinesradio.com\/infos\/chroniques\/SORTIES_A_PARIS___LE_MURMURE_DE_LA_DERNI_RE_C_NE__au_Th____8597546267.png\"alt=\"\" class=\"wp-image-32\" \/><\/figure><figure class=\"wp-block-audio\"><audio controls src=\"https:\/\/www.yvelinesradio.com\/infos\/chroniques\/SORTIES_A_PARIS___LE_MURMURE_DE_LA_DERNI_RE_C_NE__au_Th____5107198022.mp3\"><\/audio><\/figure><p>Un spectacle de Cin\u00e9-D\u00e9bat, un document historique sur des \u00e9v\u00e9nements en Indon\u00e9sie.\r\n\r\n\u00ab\u00a0Le r\u00e9cit de trois personnes de l&rsquo;op\u00e9ration militaire TRISULA en Indon\u00e9sie, en 1968\/1969, qui ne demandent qu&rsquo;\u00e0 retrouver leurs droits civiques et politiques.\r\n\r\nMalgr\u00e9 la chute des militaires et la nouvelle d\u00e9mocratisation, ils n&rsquo;osent que murmurer leur v\u00e9cu.\u00a0\u00bb\r\n\r\nUne projection, suivie d&rsquo;un d\u00e9bat:\r\n\r\nPour les historiens, et les personnes concern\u00e9es.\r\n\r\nLe Vendredi 27 Mars 2026 \u00e0 16h30\r\n\r\n \r\n\r\nDur\u00e9e: 3H00\r\n\r\n \r\n\r\nTarif: 5eur\r\n\r\n \r\n\r\n\r\n \r\n\r\nTH\u00c9\u00c2TRE PIXEL\r\n\r\n01 42 54 00 92\r\n\r\n \r\n\r\n \r\n\r\nRobert BONNARDOT<\/p>","protected":false},"excerpt":{"rendered":"<p>Un spectacle de Cin\u00e9-D\u00e9bat, un document historique sur des \u00e9v\u00e9nements en Indon\u00e9sie. \u00ab\u00a0Le r\u00e9cit de trois personnes de l&rsquo;op\u00e9ration militaire TRISULA en Indon\u00e9sie, en 1968\/1969, qui ne demandent qu&rsquo;\u00e0 retrouver leurs droits civiques et politiques. Malgr\u00e9 la chute des militaires et la nouvelle d\u00e9mocratisation, ils n&rsquo;osent que murmurer leur v\u00e9cu.\u00a0\u00bb Une projection, suivie d&rsquo;un d\u00e9bat: [&hellip;]<\/p>\n","protected":false},"author":11,"featured_media":0,"comment_status":"closed","ping_status":"open","sticky":false,"template":"","format":"standard","meta":{"footnotes":""},"categories":[],"tags":[],"_links":{"self":[{"href":"https:\/\/www.yvelinesradio.com\/radio\/wp-json\/wp\/v2\/posts\/2385"}],"collection":[{"href":"https:\/\/www.yvelinesradio.com\/radio\/wp-json\/wp\/v2\/posts"}],"about":[{"href":"https:\/\/www.yvelinesradio.com\/radio\/wp-json\/wp\/v2\/types\/post"}],"author":[{"embeddable":true,"href":"https:\/\/www.yvelinesradio.com\/radio\/wp-json\/wp\/v2\/users\/11"}],"replies":[{"embeddable":true,"href":"https:\/\/www.yvelinesradio.com\/radio\/wp-json\/wp\/v2\/comments?post=2385"}],"version-history":[{"count":0,"href":"https:\/\/www.yvelinesradio.com\/radio\/wp-json\/wp\/v2\/posts\/2385\/revisions"}],"wp:attachment":[{"href":"https:\/\/www.yvelinesradio.com\/radio\/wp-json\/wp\/v2\/media?parent=2385"}],"wp:term":[{"taxonomy":"category","embeddable":true,"href":"https:\/\/www.yvelinesradio.com\/radio\/wp-json\/wp\/v2\/categories?post=2385"},{"taxonomy":"post_tag","embeddable":true,"href":"https:\/\/www.yvelinesradio.com\/radio\/wp-json\/wp\/v2\/tags?post=2385"}],"curies":[{"name":"wp","href":"https:\/\/api.w.org\/{rel}","templated":true}]}}