{"id":2384,"date":"2026-03-10T00:00:00","date_gmt":"2026-03-10T00:00:00","guid":{"rendered":""},"modified":"2026-03-10T00:00:00","modified_gmt":"2026-03-10T00:00:00","slug":"20260312519142","status":"publish","type":"post","link":"https:\/\/www.yvelinesradio.com\/radio\/2026\/03\/10\/20260312519142\/","title":{"rendered":"\u00ab\u00a0L&rsquo;OGRELET\u00a0\u00bb \u00e0 l&rsquo; ESSA\u00cfON TH\u00c9\u00c2TRE"},"content":{"rendered":"<figure class=\"wp-block-image size-full\"><img decoding=\"async\" src=\"https:\/\/www.yvelinesradio.com\/infos\/chroniques\/SORTIES_A_PARIS___L_OGRELET____l__ESSA_ON_TH__TRE__3190959975.jpg\"alt=\"\" class=\"wp-image-32\" \/><\/figure><figure class=\"wp-block-audio\"><audio controls src=\"https:\/\/www.yvelinesradio.com\/infos\/chroniques\/SORTIES_A_PARIS___L_OGRELET____l__ESSA_ON_TH__TRE__7233296798.mp3\"><\/audio><\/figure><p>\t\u00ab\u00a0L&rsquo;OGRELET\u00a0\u00bb,\r\n\r\nUn spectacle, pour les enfants, \u00e0 partir de 6 ans.\r\n\r\nNous le devons \u00e0  Suzanne LEBEAU.\r\n\r\nToutes les critiques sont unanimes \u00e0 saluer le texte et la performance des  deux com\u00e9diens:\r\n\r\nChristophe LAPARRA\r\n\r\nPatricia VARNAY\r\n\r\nLe Pitch:\r\n\r\n\u00ab\u00a0C&rsquo;est la rentr\u00e9e pour ce petit de six ans qui vit avec sa maman dans une maison perdue au milieu d&rsquo;une for\u00eat sauvage et hostile. Il est m\u00eame heureux de d\u00e9couvrir l&rsquo;\u00e9cole. Il a les jambes d&rsquo;un homme, certes, et son h\u00e9r\u00e9dit\u00e9 lui imprime de dr\u00f4les d&rsquo;envies, mais \u00ab Dans l&rsquo;h\u00e9ritage on est pas oblig\u00e9 de tout prendre ! \u00bb et celui de l&rsquo;ogrelet, mi-ogre mi-humain, n&rsquo;est pas simple, entre un p\u00e8re d\u00e9faillant et monstrueux et une m\u00e8re protectrice et omnipr\u00e9sente, va-t-il r\u00e9ussir \u00e0 surmonter les trois \u00e9preuves d&rsquo;un difficile et tumultueux apprentissage ?\u00a0\u00bb\r\n\r\nJe n&rsquo;ai jamais vu un g\u00e9n\u00e9rique pareil, pour un spectacle pour enfants&#8230; Le r\u00e9sultat doit \u00eatre surprenant !!!\r\n\r\nDramaturgie: Marie BALLET\r\n\r\nMasques: Lo\u00efc NEBREDA\r\n\r\nMarionnettes: S\u00e9bastien PUECH\r\n\r\nCr\u00e9ation Sons\/Musiques: Jean-Kristoff CAMPS\r\n\r\nCostumes: Dulae BEST\r\n\r\nDessins Anim\u00e9s: Francis BUCHET, Guillaume LAIGLE,\r\n\r\nMatthieu FAYETTE\r\n\r\nVoix Off\/Silhouette:  Marion AMIAUD\r\n\r\nR\u00e9gie\/Vid\u00e9o: \u00c9ric CHALLIER &#038; \u00c9ric JULOU\r\n\r\nInstrumentistes: Bertrand DENZER, Dounik LAZRO, D\u00e9borah WALKER.\r\n\r\nPerruques: Micki CHOMICKI\r\n\r\nD\u00e9cors: Antoine MILIAN\r\n\r\nVoix: Marie BALLET, Jean-Kristoff CAMPS, \u00c9lodie G\u00c9RARD, Lucie JOLIOT, \u00c9ric JULOU, Agla\u00e9 LAPARRA-LAURIOL, Phil\u00e9mon LAPARRA-LAURIOL\r\n\r\n \r\n\r\nSc\u00e9nographie\/ Lumi\u00e8res et Mise en Sc\u00e8ne:\r\n\r\nChristophe LAPARRA\r\n\r\n \r\n\r\nDu 21 Mars au 3 Juin 2026\r\n\r\nLes Samedis et Dimanches \u00e0 14h15\r\n\r\n \r\n\r\nDur\u00e9e: 1h00\r\n\r\n \r\n\r\n\r\nL&rsquo;ESSA\u00cfON TH\u00c9\u00c2TRE\r\n\r\n01 42 78 46 42\r\n\r\n \r\n\r\n \r\n\r\nRobert BONNARDOT\r\n\r\n<\/p>","protected":false},"excerpt":{"rendered":"<p>\u00ab\u00a0L&rsquo;OGRELET\u00a0\u00bb, Un spectacle, pour les enfants, \u00e0 partir de 6 ans. Nous le devons \u00e0 Suzanne LEBEAU. Toutes les critiques sont unanimes \u00e0 saluer le texte et la performance des deux com\u00e9diens: Christophe LAPARRA Patricia VARNAY Le Pitch: \u00ab\u00a0C&rsquo;est la rentr\u00e9e pour ce petit de six ans qui vit avec sa maman dans une maison [&hellip;]<\/p>\n","protected":false},"author":11,"featured_media":0,"comment_status":"closed","ping_status":"open","sticky":false,"template":"","format":"standard","meta":{"footnotes":""},"categories":[],"tags":[],"_links":{"self":[{"href":"https:\/\/www.yvelinesradio.com\/radio\/wp-json\/wp\/v2\/posts\/2384"}],"collection":[{"href":"https:\/\/www.yvelinesradio.com\/radio\/wp-json\/wp\/v2\/posts"}],"about":[{"href":"https:\/\/www.yvelinesradio.com\/radio\/wp-json\/wp\/v2\/types\/post"}],"author":[{"embeddable":true,"href":"https:\/\/www.yvelinesradio.com\/radio\/wp-json\/wp\/v2\/users\/11"}],"replies":[{"embeddable":true,"href":"https:\/\/www.yvelinesradio.com\/radio\/wp-json\/wp\/v2\/comments?post=2384"}],"version-history":[{"count":0,"href":"https:\/\/www.yvelinesradio.com\/radio\/wp-json\/wp\/v2\/posts\/2384\/revisions"}],"wp:attachment":[{"href":"https:\/\/www.yvelinesradio.com\/radio\/wp-json\/wp\/v2\/media?parent=2384"}],"wp:term":[{"taxonomy":"category","embeddable":true,"href":"https:\/\/www.yvelinesradio.com\/radio\/wp-json\/wp\/v2\/categories?post=2384"},{"taxonomy":"post_tag","embeddable":true,"href":"https:\/\/www.yvelinesradio.com\/radio\/wp-json\/wp\/v2\/tags?post=2384"}],"curies":[{"name":"wp","href":"https:\/\/api.w.org\/{rel}","templated":true}]}}