{"id":2382,"date":"2026-03-09T00:00:00","date_gmt":"2026-03-09T00:00:00","guid":{"rendered":""},"modified":"2026-03-09T00:00:00","modified_gmt":"2026-03-09T00:00:00","slug":"20260311264842","status":"publish","type":"post","link":"https:\/\/www.yvelinesradio.com\/radio\/2026\/03\/09\/20260311264842\/","title":{"rendered":"\u00ab\u00a0EST-CE QUE VOUS POUVEZ LAISSER LA PORTE OUVERTE, EN SORTANT ?"},"content":{"rendered":"<figure class=\"wp-block-image size-full\"><img decoding=\"async\" src=\"https:\/\/www.yvelinesradio.com\/infos\/chroniques\/SORTIES_A_PARIS___EST_CE_QUE_VOUS_POUVEZ_LAISSER_LA_PORTE__0287764741.jpg\"alt=\"\" class=\"wp-image-32\" \/><\/figure><figure class=\"wp-block-audio\"><audio controls src=\"https:\/\/www.yvelinesradio.com\/infos\/chroniques\/SORTIES_A_PARIS___EST_CE_QUE_VOUS_POUVEZ_LAISSER_LA_PORTE__3447383082.mp3\"><\/audio><\/figure><p>Une pi\u00e8ce qui \u00e9voque Alhzeimer, une terrible et terrifiante maladie, que j&rsquo;ai eu \u00e0 conna\u00eetre&#8230;\r\n\r\nUn spectacle que l&rsquo;on doit \u00e0:\r\n\r\nAntoine LEMAIRE.\r\n\r\nEn 2019, de ce m\u00eame auteur, j&rsquo;avais \u00e9t\u00e9 tr\u00e8s interpell\u00e9 par \u00ab\u00a0King Lear Remix\u00a0\u00bb.\r\n\r\nLe Pitch:\r\n\r\n\u00ab\u00a0Que devient le rapport amoureux quand la maladie et la perte de la m\u00e9moire embarque l&rsquo;un des deux partenaires d&rsquo;un couple dans un lointain inconnu?  Et si oublier \u00e9tait le moyen d&rsquo;appr\u00e9hender l&rsquo;autre comme lors de la premi\u00e8re rencontre ? Un texte r\u00e9jouissant qui donne envie de profiter de chaque instant de la vie &#8230;.\u00a0\u00bb\r\n\r\nAvec:\r\n\r\nAntoine LEMAIRE\r\n\r\nClaire MIRANDE\r\n\r\nAurore FLOREANCIG ou Chlo\u00e9 LARTISIEN\r\n\r\n \r\n\r\nChor\u00e9graphies: Aurore FLOREANCIG\r\n\r\n \r\n\r\nMise en Sc\u00e8ne: Antoine LEMAIRE\r\n\r\n \r\n\r\nDu 6 Avril au 26 Mai 2026\r\n\r\nLes Lundis et Mardis \u00e0 20h50\r\n\r\n \r\n\r\nDur\u00e9e: 1h20\r\n\r\n \r\n\r\n\r\nTH\u00c9\u00c2TRE L&rsquo;ESSA\u00cfON\r\n\r\nSalle Th\u00e9\u00e2tre\r\n\r\n01 42 78 46 42\r\n\r\n \r\n\r\n \r\n\r\nRobert BONNARDOT<\/p>","protected":false},"excerpt":{"rendered":"<p>Une pi\u00e8ce qui \u00e9voque Alhzeimer, une terrible et terrifiante maladie, que j&rsquo;ai eu \u00e0 conna\u00eetre&#8230; Un spectacle que l&rsquo;on doit \u00e0: Antoine LEMAIRE. En 2019, de ce m\u00eame auteur, j&rsquo;avais \u00e9t\u00e9 tr\u00e8s interpell\u00e9 par \u00ab\u00a0King Lear Remix\u00a0\u00bb. Le Pitch: \u00ab\u00a0Que devient le rapport amoureux quand la maladie et la perte de la m\u00e9moire embarque l&rsquo;un [&hellip;]<\/p>\n","protected":false},"author":11,"featured_media":0,"comment_status":"closed","ping_status":"open","sticky":false,"template":"","format":"standard","meta":{"footnotes":""},"categories":[],"tags":[],"_links":{"self":[{"href":"https:\/\/www.yvelinesradio.com\/radio\/wp-json\/wp\/v2\/posts\/2382"}],"collection":[{"href":"https:\/\/www.yvelinesradio.com\/radio\/wp-json\/wp\/v2\/posts"}],"about":[{"href":"https:\/\/www.yvelinesradio.com\/radio\/wp-json\/wp\/v2\/types\/post"}],"author":[{"embeddable":true,"href":"https:\/\/www.yvelinesradio.com\/radio\/wp-json\/wp\/v2\/users\/11"}],"replies":[{"embeddable":true,"href":"https:\/\/www.yvelinesradio.com\/radio\/wp-json\/wp\/v2\/comments?post=2382"}],"version-history":[{"count":0,"href":"https:\/\/www.yvelinesradio.com\/radio\/wp-json\/wp\/v2\/posts\/2382\/revisions"}],"wp:attachment":[{"href":"https:\/\/www.yvelinesradio.com\/radio\/wp-json\/wp\/v2\/media?parent=2382"}],"wp:term":[{"taxonomy":"category","embeddable":true,"href":"https:\/\/www.yvelinesradio.com\/radio\/wp-json\/wp\/v2\/categories?post=2382"},{"taxonomy":"post_tag","embeddable":true,"href":"https:\/\/www.yvelinesradio.com\/radio\/wp-json\/wp\/v2\/tags?post=2382"}],"curies":[{"name":"wp","href":"https:\/\/api.w.org\/{rel}","templated":true}]}}