{"id":2379,"date":"2026-03-08T00:00:00","date_gmt":"2026-03-08T00:00:00","guid":{"rendered":""},"modified":"2026-03-08T00:00:00","modified_gmt":"2026-03-08T00:00:00","slug":"20260310185174","status":"publish","type":"post","link":"https:\/\/www.yvelinesradio.com\/radio\/2026\/03\/08\/20260310185174\/","title":{"rendered":"\u00ab\u00a0SACR\u00c9E NICOLE ! \u00a0\u00bb de Corinne B\u00c9RON &#038; H\u00e9l\u00e8ne SERRES"},"content":{"rendered":"<figure class=\"wp-block-image size-full\"><img decoding=\"async\" src=\"https:\/\/www.yvelinesradio.com\/infos\/chroniques\/SORTIES_A_PARIS___SACR_E_NICOLE_____de_Corinne_B_RON___H___9492281797.jpg\"alt=\"\" class=\"wp-image-32\" \/><\/figure><figure class=\"wp-block-audio\"><audio controls src=\"https:\/\/www.yvelinesradio.com\/infos\/chroniques\/SORTIES_A_PARIS___SACR_E_NICOLE_____de_Corinne_B_RON___H___7770242176.mp3\"><\/audio><\/figure><p>En cette journ\u00e9e du 8 Mars, qui c\u00e9l\u00e8bre les droits de la femme, une importante concentration de spectateurs, devant le th\u00e9\u00e2tre du Gymnase,  pour venir applaudir, la toute nouvelle production de la troupe du Pompon.\r\n\r\nUne repr\u00e9sentation exceptionnelle de ce spectacle, actuellement en tourn\u00e9e dans toute la france et les pays francophones.\r\n\r\n\u00ab\u00a0La Troupe du POMPON\u00a0\u00bb, \u00e0 leur actif, des pi\u00e8ces qui font succ\u00e8s, depuis des ann\u00e9es, comme \u00ab\u00a0Et pendant ce temps l\u00e0, Simone veille\u00a0\u00bb, et aussi \u00ab\u00a0100% Marianne\u00a0\u00bb, une belle sublimation  de la la\u00efcit\u00e9.\r\n\r\n\u00ab\u00a0Sacr\u00e9e Nicole\u00a0\u00bb, c&rsquo;est une com\u00e9die tr\u00e8s dr\u00f4le, autour des r\u00e9actions de trois soeurs dont la vie est perturb\u00e9e par l&rsquo;annonce du cancer du sein de leur maman&#8230;\r\n\r\nNe manquez pas cette affiche, quand elle passera pr\u00e8s de chez vous !!!\r\n\r\n \r\n\r\nAvec:\r\n\r\nH\u00e9l\u00e8ne SERRES &#038; Jihane BENLAHCEN\r\n\r\n \r\n\r\nUne pi\u00e8ce de: Corinne B\u00c9RON et H\u00e9l\u00e8ne SERRES\r\n\r\n \r\n\r\nDur\u00e9e: 1h20\r\n\r\n \r\n\r\n\r\nTH\u00c9\u00c2TRE DU GYMNASE\r\n\r\nSalle du Petit Gymnase\r\n\r\n01 42 46 79 79\r\n\r\n \r\n\r\n \r\n\r\nRobert BONNARDOT<\/p>","protected":false},"excerpt":{"rendered":"<p>En cette journ\u00e9e du 8 Mars, qui c\u00e9l\u00e8bre les droits de la femme, une importante concentration de spectateurs, devant le th\u00e9\u00e2tre du Gymnase, pour venir applaudir, la toute nouvelle production de la troupe du Pompon. Une repr\u00e9sentation exceptionnelle de ce spectacle, actuellement en tourn\u00e9e dans toute la france et les pays francophones. \u00ab\u00a0La Troupe du [&hellip;]<\/p>\n","protected":false},"author":11,"featured_media":0,"comment_status":"closed","ping_status":"open","sticky":false,"template":"","format":"standard","meta":{"footnotes":""},"categories":[],"tags":[],"_links":{"self":[{"href":"https:\/\/www.yvelinesradio.com\/radio\/wp-json\/wp\/v2\/posts\/2379"}],"collection":[{"href":"https:\/\/www.yvelinesradio.com\/radio\/wp-json\/wp\/v2\/posts"}],"about":[{"href":"https:\/\/www.yvelinesradio.com\/radio\/wp-json\/wp\/v2\/types\/post"}],"author":[{"embeddable":true,"href":"https:\/\/www.yvelinesradio.com\/radio\/wp-json\/wp\/v2\/users\/11"}],"replies":[{"embeddable":true,"href":"https:\/\/www.yvelinesradio.com\/radio\/wp-json\/wp\/v2\/comments?post=2379"}],"version-history":[{"count":0,"href":"https:\/\/www.yvelinesradio.com\/radio\/wp-json\/wp\/v2\/posts\/2379\/revisions"}],"wp:attachment":[{"href":"https:\/\/www.yvelinesradio.com\/radio\/wp-json\/wp\/v2\/media?parent=2379"}],"wp:term":[{"taxonomy":"category","embeddable":true,"href":"https:\/\/www.yvelinesradio.com\/radio\/wp-json\/wp\/v2\/categories?post=2379"},{"taxonomy":"post_tag","embeddable":true,"href":"https:\/\/www.yvelinesradio.com\/radio\/wp-json\/wp\/v2\/tags?post=2379"}],"curies":[{"name":"wp","href":"https:\/\/api.w.org\/{rel}","templated":true}]}}