{"id":2332,"date":"2026-02-12T00:00:00","date_gmt":"2026-02-12T00:00:00","guid":{"rendered":""},"modified":"2026-02-12T00:00:00","modified_gmt":"2026-02-12T00:00:00","slug":"20260214286182","status":"publish","type":"post","link":"https:\/\/www.yvelinesradio.com\/radio\/2026\/02\/12\/20260214286182\/","title":{"rendered":"\u00ab\u00a0DE L&rsquo;AUTRE C\u00d4T\u00c9 DE LA RIVI\u00c8RE\u00a0\u00bb par Fran\u00e7ois DEBLAYE"},"content":{"rendered":"<figure class=\"wp-block-image size-full\"><img decoding=\"async\" src=\"https:\/\/www.yvelinesradio.com\/infos\/chroniques\/SORTIES_A_PARIS___DE_L_AUTRE_C_T__DE_LA_RIVI_RE__par_Fran__9843501365.JPG\"alt=\"\" class=\"wp-image-32\" \/><\/figure><figure class=\"wp-block-audio\"><audio controls src=\"https:\/\/www.yvelinesradio.com\/infos\/chroniques\/SORTIES_A_PARIS___DE_L_AUTRE_C_T__DE_LA_RIVI_RE__par_Fran__0251074170.mp3\"><\/audio><\/figure><p>Fran\u00e7ois DEBLAYE, \u00e9tait chanteur dans ses jeunes ann\u00e9es, je l&rsquo;ai connu comme attach\u00e9 de presse, notamment tr\u00e8s  pr\u00e9sent au Th\u00e9\u00e2tre du Gymnase.\r\n\r\nIl est d&rsquo;abord revenu \u00e0 la chanson en cr\u00e9ant un duo \u00ab\u00a0Les Amoureux du Sacr\u00e9 Coeur\u00a0\u00bb en 2020, il est de retour en solo.\r\n\r\nSon dernier EP, va sortir le 13 F\u00e9vrier, et son clip sera aussi sur YouTube.\r\n\r\n\u00ab\u00a0L&rsquo;AUTRE C\u00d4T\u00c9  DE LA  RIVI\u00c8RE\u00a0\u00bb\r\n\r\nParoles\/Musique: Fran\u00e7ois DEBLAYE\r\n\r\n \r\n\r\n \r\n\r\nRobert BONNARDOT<\/p>","protected":false},"excerpt":{"rendered":"<p>Fran\u00e7ois DEBLAYE, \u00e9tait chanteur dans ses jeunes ann\u00e9es, je l&rsquo;ai connu comme attach\u00e9 de presse, notamment tr\u00e8s pr\u00e9sent au Th\u00e9\u00e2tre du Gymnase. Il est d&rsquo;abord revenu \u00e0 la chanson en cr\u00e9ant un duo \u00ab\u00a0Les Amoureux du Sacr\u00e9 Coeur\u00a0\u00bb en 2020, il est de retour en solo. Son dernier EP, va sortir le 13 F\u00e9vrier, et [&hellip;]<\/p>\n","protected":false},"author":11,"featured_media":0,"comment_status":"closed","ping_status":"open","sticky":false,"template":"","format":"standard","meta":{"footnotes":""},"categories":[],"tags":[],"_links":{"self":[{"href":"https:\/\/www.yvelinesradio.com\/radio\/wp-json\/wp\/v2\/posts\/2332"}],"collection":[{"href":"https:\/\/www.yvelinesradio.com\/radio\/wp-json\/wp\/v2\/posts"}],"about":[{"href":"https:\/\/www.yvelinesradio.com\/radio\/wp-json\/wp\/v2\/types\/post"}],"author":[{"embeddable":true,"href":"https:\/\/www.yvelinesradio.com\/radio\/wp-json\/wp\/v2\/users\/11"}],"replies":[{"embeddable":true,"href":"https:\/\/www.yvelinesradio.com\/radio\/wp-json\/wp\/v2\/comments?post=2332"}],"version-history":[{"count":0,"href":"https:\/\/www.yvelinesradio.com\/radio\/wp-json\/wp\/v2\/posts\/2332\/revisions"}],"wp:attachment":[{"href":"https:\/\/www.yvelinesradio.com\/radio\/wp-json\/wp\/v2\/media?parent=2332"}],"wp:term":[{"taxonomy":"category","embeddable":true,"href":"https:\/\/www.yvelinesradio.com\/radio\/wp-json\/wp\/v2\/categories?post=2332"},{"taxonomy":"post_tag","embeddable":true,"href":"https:\/\/www.yvelinesradio.com\/radio\/wp-json\/wp\/v2\/tags?post=2332"}],"curies":[{"name":"wp","href":"https:\/\/api.w.org\/{rel}","templated":true}]}}