{"id":2329,"date":"2026-02-11T00:00:00","date_gmt":"2026-02-11T00:00:00","guid":{"rendered":""},"modified":"2026-02-11T00:00:00","modified_gmt":"2026-02-11T00:00:00","slug":"20260213579915","status":"publish","type":"post","link":"https:\/\/www.yvelinesradio.com\/radio\/2026\/02\/11\/20260213579915\/","title":{"rendered":"\u00ab\u00a0LA LOI DU D\u00c9SIR\u00a0\u00bb au Th\u00e9\u00e2tre du CHARIOT"},"content":{"rendered":"<figure class=\"wp-block-image size-full\"><img decoding=\"async\" src=\"https:\/\/www.yvelinesradio.com\/infos\/chroniques\/SORTIES_A_PARIS___LA_LOI_DU_D_SIR__au_Th__tre_du_CHARIOT__7065388274.png\"alt=\"\" class=\"wp-image-32\" \/><\/figure><figure class=\"wp-block-audio\"><audio controls src=\"https:\/\/www.yvelinesradio.com\/infos\/chroniques\/SORTIES_A_PARIS___LA_LOI_DU_D_SIR__au_Th__tre_du_CHARIOT__2758117501.mp3\"><\/audio><\/figure><p>Une pi\u00e8ce sur la difficult\u00e9 d&rsquo;un ado, pour \u00ab\u00a0sa\u00a0\u00bb Premi\u00e8re fois&#8230;\r\n\r\nLe Pitch:\r\n\r\n \r\n\r\nUn seul-en-sc\u00e8ne sur le mal-\u00eatre adolescent,\r\nle douloureux passage \u00e0 l&rsquo;\u00e2ge adulte d&rsquo;un gar\u00e7on tourment\u00e9 par la question de sa premi\u00e8re fois \u00e0 venir.\r\nBarnab\u00e9 Lambert et Esteban Hup\u00e9 sondent les m\u00e9andres du d\u00e9sir masculin,\r\n\u00e0 travers une r\u00e9flexion ancr\u00e9e dans les questionnements de notre \u00e9poque, o\u00f9 la masculinit\u00e9 est en pleine red\u00e9finition.\r\nUne pi\u00e8ce de Esteban HUPE &#038; Barnab\u00e9 LAMBERT.\r\n\r\nAvec: Barnab\u00e9 LAMBERT\r\n\r\nCr\u00e9ation Musicale: Manon JOSIEN\r\n\r\nCr\u00e9ation Lumi\u00e8res: Hugo DE PIERO\r\n\r\nCollaboration Artistique:\r\n\r\nJeanne FI\u00c8VRE\r\n\r\n\u00c9va RAMI\r\n\r\nAgn\u00e8s PROUST\r\n\r\nAnna FOURNER\r\n\r\nMicka\u00ebl D\u00c9LIS\r\n\r\n \r\n\r\nMise en Sc\u00e8ne: Esteban HUP\u00c9\r\n\r\n \r\n\r\n \r\n\r\n \r\n\r\nSpectacle d\u00e9conseill\u00e9 aux moins de 13 ans.\r\n\r\nVous pourrez retrouver ce spectacle au Festival Off 2026, en Avignon au Th\u00e9\u00e2tre de la Reine Blanche.\r\n\r\n \r\n\r\nDu 2 mars au 28 Avril 2026\r\n\r\nLes Lundis et Mardis \u00e0 21h00\r\n\r\n \r\n\r\nDur\u00e9e: 1h10\r\n\r\n\r\n\r\nTH\u00c9\u00c2TRE DU CHARIOT\r\n\r\n01 48 05 52 44\r\n\r\n \r\n\r\n \r\n\r\nRobert BONNARDOT<\/p>","protected":false},"excerpt":{"rendered":"<p>Une pi\u00e8ce sur la difficult\u00e9 d&rsquo;un ado, pour \u00ab\u00a0sa\u00a0\u00bb Premi\u00e8re fois&#8230; Le Pitch: Un seul-en-sc\u00e8ne sur le mal-\u00eatre adolescent, le douloureux passage \u00e0 l&rsquo;\u00e2ge adulte d&rsquo;un gar\u00e7on tourment\u00e9 par la question de sa premi\u00e8re fois \u00e0 venir. Barnab\u00e9 Lambert et Esteban Hup\u00e9 sondent les m\u00e9andres du d\u00e9sir masculin, \u00e0 travers une r\u00e9flexion ancr\u00e9e dans les [&hellip;]<\/p>\n","protected":false},"author":11,"featured_media":0,"comment_status":"closed","ping_status":"open","sticky":false,"template":"","format":"standard","meta":{"footnotes":""},"categories":[],"tags":[],"_links":{"self":[{"href":"https:\/\/www.yvelinesradio.com\/radio\/wp-json\/wp\/v2\/posts\/2329"}],"collection":[{"href":"https:\/\/www.yvelinesradio.com\/radio\/wp-json\/wp\/v2\/posts"}],"about":[{"href":"https:\/\/www.yvelinesradio.com\/radio\/wp-json\/wp\/v2\/types\/post"}],"author":[{"embeddable":true,"href":"https:\/\/www.yvelinesradio.com\/radio\/wp-json\/wp\/v2\/users\/11"}],"replies":[{"embeddable":true,"href":"https:\/\/www.yvelinesradio.com\/radio\/wp-json\/wp\/v2\/comments?post=2329"}],"version-history":[{"count":0,"href":"https:\/\/www.yvelinesradio.com\/radio\/wp-json\/wp\/v2\/posts\/2329\/revisions"}],"wp:attachment":[{"href":"https:\/\/www.yvelinesradio.com\/radio\/wp-json\/wp\/v2\/media?parent=2329"}],"wp:term":[{"taxonomy":"category","embeddable":true,"href":"https:\/\/www.yvelinesradio.com\/radio\/wp-json\/wp\/v2\/categories?post=2329"},{"taxonomy":"post_tag","embeddable":true,"href":"https:\/\/www.yvelinesradio.com\/radio\/wp-json\/wp\/v2\/tags?post=2329"}],"curies":[{"name":"wp","href":"https:\/\/api.w.org\/{rel}","templated":true}]}}