{"id":2325,"date":"2026-02-09T00:00:00","date_gmt":"2026-02-09T00:00:00","guid":{"rendered":""},"modified":"2026-02-09T00:00:00","modified_gmt":"2026-02-09T00:00:00","slug":"20260211389472","status":"publish","type":"post","link":"https:\/\/www.yvelinesradio.com\/radio\/2026\/02\/09\/20260211389472\/","title":{"rendered":"\u00ab\u00a0JE REVIENS TE CHANTER\u00a0\u00bb avec Pascal ZELCER"},"content":{"rendered":"<figure class=\"wp-block-image size-full\"><img decoding=\"async\" src=\"https:\/\/www.yvelinesradio.com\/infos\/chroniques\/SORTIES_A_PARIS___JE_REVIENS_TE_CHANTER__avec_Pascal_ZELC__3987341722.jpg\"alt=\"\" class=\"wp-image-32\" \/><\/figure><figure class=\"wp-block-audio\"><audio controls src=\"https:\/\/www.yvelinesradio.com\/infos\/chroniques\/SORTIES_A_PARIS___JE_REVIENS_TE_CHANTER__avec_Pascal_ZELC__8498634966.mp3\"><\/audio><\/figure><p>Un spectacle imagin\u00e9 par Pascal ZELCER, que je connais comme com\u00e9dien et Attach\u00e9 de Presse de tr\u00e8s bonnes pi\u00e8ces.\r\n\r\nC&rsquo;est notamment, par son interm\u00e9diaire, que j&rsquo;ai \u00e9t\u00e9 heureux de voir :\r\n\r\n\u00ab\u00a0Du Charbon dans les Veines\u00a0\u00bb.\r\n\r\nUn spectacle  inoubliable. (5 Moli\u00e8res&#8230;)\r\n\r\nLe voici, interpr\u00e8te de chansons, pour un hommage \u00e0 Gilbert B\u00e9caud.\r\n\r\nJ&rsquo;ai lu plusieurs articles de la fille du chanteur s&rsquo;\u00e9tonnant de l&rsquo;oubli m\u00e9diatique de son papa.\r\n\r\nSi Gilbert B\u00c9CAUD, avait un grand talent dans la chanson, il n&rsquo;a pas su s&rsquo;en forger un dans la vie&#8230;\r\n\r\nPour avoir \u00e9volu\u00e9 dans ce qu&rsquo;on appelle le Showbiz, pendant quarante ans, je sais de quoi je parle&#8230;\r\n\r\nMais, c&rsquo;est un plaisir, pour les oreilles de remettre ses titres en avant, avec Pierre Delano\u00eb, ils ont sign\u00e9 des chansons qui sont et resteront dans nos m\u00e9moires.\r\n\r\n \r\n\r\nTexte: Gr\u00e9gory PLOUVIEZ\r\n\r\nAu micro: Pascal ZELCER\r\n\r\nMusiciens:\r\n\r\nRapha\u00ebl SANCHEZ: Direction d&rsquo;Orchestre\/Piano\r\n\r\nRapha\u00ebl DUCASSE:  Basse\r\nMarc GIGLIO: Batterie\r\n\r\n \r\n\r\nLundi 16 F\u00e9vrier 2026 \u00e0 14h00\r\n\r\n \r\n\r\nDur\u00e9e: Show Case  1h00&#8230;(Et sans doute un peu plus&#8230;)\r\n\r\n\r\nTH\u00c9\u00c2TRE LA COM\u00c9DIE BASTILLE\r\n\r\n01 48 07 52 07\r\n\r\n \r\n\r\n \r\n\r\nRobert BONNARDOT<\/p>","protected":false},"excerpt":{"rendered":"<p>Un spectacle imagin\u00e9 par Pascal ZELCER, que je connais comme com\u00e9dien et Attach\u00e9 de Presse de tr\u00e8s bonnes pi\u00e8ces. C&rsquo;est notamment, par son interm\u00e9diaire, que j&rsquo;ai \u00e9t\u00e9 heureux de voir : \u00ab\u00a0Du Charbon dans les Veines\u00a0\u00bb. Un spectacle inoubliable. (5 Moli\u00e8res&#8230;) Le voici, interpr\u00e8te de chansons, pour un hommage \u00e0 Gilbert B\u00e9caud. J&rsquo;ai lu plusieurs [&hellip;]<\/p>\n","protected":false},"author":11,"featured_media":0,"comment_status":"closed","ping_status":"open","sticky":false,"template":"","format":"standard","meta":{"footnotes":""},"categories":[],"tags":[],"_links":{"self":[{"href":"https:\/\/www.yvelinesradio.com\/radio\/wp-json\/wp\/v2\/posts\/2325"}],"collection":[{"href":"https:\/\/www.yvelinesradio.com\/radio\/wp-json\/wp\/v2\/posts"}],"about":[{"href":"https:\/\/www.yvelinesradio.com\/radio\/wp-json\/wp\/v2\/types\/post"}],"author":[{"embeddable":true,"href":"https:\/\/www.yvelinesradio.com\/radio\/wp-json\/wp\/v2\/users\/11"}],"replies":[{"embeddable":true,"href":"https:\/\/www.yvelinesradio.com\/radio\/wp-json\/wp\/v2\/comments?post=2325"}],"version-history":[{"count":0,"href":"https:\/\/www.yvelinesradio.com\/radio\/wp-json\/wp\/v2\/posts\/2325\/revisions"}],"wp:attachment":[{"href":"https:\/\/www.yvelinesradio.com\/radio\/wp-json\/wp\/v2\/media?parent=2325"}],"wp:term":[{"taxonomy":"category","embeddable":true,"href":"https:\/\/www.yvelinesradio.com\/radio\/wp-json\/wp\/v2\/categories?post=2325"},{"taxonomy":"post_tag","embeddable":true,"href":"https:\/\/www.yvelinesradio.com\/radio\/wp-json\/wp\/v2\/tags?post=2325"}],"curies":[{"name":"wp","href":"https:\/\/api.w.org\/{rel}","templated":true}]}}