{"id":2296,"date":"2026-01-28T00:00:00","date_gmt":"2026-01-28T00:00:00","guid":{"rendered":""},"modified":"2026-01-28T00:00:00","modified_gmt":"2026-01-28T00:00:00","slug":"20260130859609","status":"publish","type":"post","link":"https:\/\/www.yvelinesradio.com\/radio\/2026\/01\/28\/20260130859609\/","title":{"rendered":"\u00ab\u00a0Olivier de SAGAZAN au Th\u00e9\u00e2tre SILVIA MONTFORT\u00a0\u00bb"},"content":{"rendered":"<figure class=\"wp-block-image size-full\"><img decoding=\"async\" src=\"https:\/\/www.yvelinesradio.com\/infos\/chroniques\/SORTIES_A_PARIS___Olivier_de_SAGAZAN_au_Th__tre_SILVIA_MO__6648752941.jpg\"alt=\"\" class=\"wp-image-32\" \/><\/figure><figure class=\"wp-block-audio\"><audio controls src=\"https:\/\/www.yvelinesradio.com\/infos\/chroniques\/SORTIES_A_PARIS___Olivier_de_SAGAZAN_au_Th__tre_SILVIA_MO__9639042600.mp3\"><\/audio><\/figure><p>Dans le cadre du  Festival \u00ab\u00a0FAITS DIVERS\u00a0\u00bb, Olivier de SAGAZAN propose deux spectacles fa\u00e7on Hard Core.\r\n\r\nLes 4, 5, 6, F\u00e9vrier 2026 \u00e0 19h30: \u00ab\u00a0TRANSFIGURATION\u00a0\u00bb\r\n\r\n\u00c0 20h00 le 7 F\u00e9vrier.\r\n\r\nLes 12, 13 F\u00e9vrier, \u00e0 20h30\r\n\r\n14 F\u00e9vrier \u00e0 20h00: \u00ab\u00a0IL NOUS EST ARRIV\u00c9 QUELQUE CHOSE\u00a0\u00bb.\r\n\r\n \r\n\r\nLes deux spectacles durent chacun 50 minutes.\r\n\r\n \r\n\r\nExplication de texte:\r\n\r\n \r\n\r\n\u00ab\u00a0Biologiste de formation, Olivier de Sagazan se tourne vers la peinture et la sculpture avec l&rsquo;id\u00e9e omnipr\u00e9sente de questionner la vie organique.\r\nDe sa passion de donner vie \u00e0 la mati\u00e8re lui est venue l&rsquo;id\u00e9e de ces performances.\u00a0\u00bb\r\nMusique: Alexis DELONG\r\n\r\nSon: Rodrigue de SA\r\n\r\nLumi\u00e8res: ADFL OHEIX\r\n\r\nImages 3D: Anatole LEVILAIN-CL\u00c9MENT\r\n\r\n\r\nTH\u00c9\u00c2TRE SILVIA MONTFORT\r\n\r\n01 56 08 33 88\r\n\r\n \r\n\r\nRobert BONNARDOT<\/p>","protected":false},"excerpt":{"rendered":"<p>Dans le cadre du Festival \u00ab\u00a0FAITS DIVERS\u00a0\u00bb, Olivier de SAGAZAN propose deux spectacles fa\u00e7on Hard Core. Les 4, 5, 6, F\u00e9vrier 2026 \u00e0 19h30: \u00ab\u00a0TRANSFIGURATION\u00a0\u00bb \u00c0 20h00 le 7 F\u00e9vrier. Les 12, 13 F\u00e9vrier, \u00e0 20h30 14 F\u00e9vrier \u00e0 20h00: \u00ab\u00a0IL NOUS EST ARRIV\u00c9 QUELQUE CHOSE\u00a0\u00bb. Les deux spectacles durent chacun 50 minutes. Explication de [&hellip;]<\/p>\n","protected":false},"author":11,"featured_media":0,"comment_status":"closed","ping_status":"open","sticky":false,"template":"","format":"standard","meta":{"footnotes":""},"categories":[],"tags":[],"_links":{"self":[{"href":"https:\/\/www.yvelinesradio.com\/radio\/wp-json\/wp\/v2\/posts\/2296"}],"collection":[{"href":"https:\/\/www.yvelinesradio.com\/radio\/wp-json\/wp\/v2\/posts"}],"about":[{"href":"https:\/\/www.yvelinesradio.com\/radio\/wp-json\/wp\/v2\/types\/post"}],"author":[{"embeddable":true,"href":"https:\/\/www.yvelinesradio.com\/radio\/wp-json\/wp\/v2\/users\/11"}],"replies":[{"embeddable":true,"href":"https:\/\/www.yvelinesradio.com\/radio\/wp-json\/wp\/v2\/comments?post=2296"}],"version-history":[{"count":0,"href":"https:\/\/www.yvelinesradio.com\/radio\/wp-json\/wp\/v2\/posts\/2296\/revisions"}],"wp:attachment":[{"href":"https:\/\/www.yvelinesradio.com\/radio\/wp-json\/wp\/v2\/media?parent=2296"}],"wp:term":[{"taxonomy":"category","embeddable":true,"href":"https:\/\/www.yvelinesradio.com\/radio\/wp-json\/wp\/v2\/categories?post=2296"},{"taxonomy":"post_tag","embeddable":true,"href":"https:\/\/www.yvelinesradio.com\/radio\/wp-json\/wp\/v2\/tags?post=2296"}],"curies":[{"name":"wp","href":"https:\/\/api.w.org\/{rel}","templated":true}]}}