{"id":2263,"date":"2026-01-14T00:00:00","date_gmt":"2026-01-14T00:00:00","guid":{"rendered":""},"modified":"2026-01-14T00:00:00","modified_gmt":"2026-01-14T00:00:00","slug":"20260116947317","status":"publish","type":"post","link":"https:\/\/www.yvelinesradio.com\/radio\/2026\/01\/14\/20260116947317\/","title":{"rendered":"\u00ab\u00a0SI C&rsquo;EST UN HOMME\u00a0\u00bb Th\u00e9\u00e2tre L&rsquo;ESSA\u00cfON"},"content":{"rendered":"<figure class=\"wp-block-image size-full\"><img decoding=\"async\" src=\"https:\/\/www.yvelinesradio.com\/infos\/chroniques\/SORTIES_A_PARIS___SI_C_EST_UN_HOMME__Th__tre_L_ESSA_ON__5681008215.jpeg\"alt=\"\" class=\"wp-image-32\" \/><\/figure><figure class=\"wp-block-audio\"><audio controls src=\"https:\/\/www.yvelinesradio.com\/infos\/chroniques\/SORTIES_A_PARIS___SI_C_EST_UN_HOMME__Th__tre_L_ESSA_ON__6202579439.mp3\"><\/audio><\/figure><p>La premi\u00e8re fois que j&rsquo;ai applaudi Gilbert PONT\u00c9, c&rsquo;est en  2015 dans \u00ab\u00a0La Derni\u00e8re Nuit de Moli\u00e8re\u00a0\u00bb.\r\n\r\nIl m&rsquo;avait \u00e9pat\u00e9!\r\n\r\nEn 2017, \u00ab\u00a0MICHA\u00cbL KOHLHASS, l&rsquo;Homme R\u00e9volt\u00e9\u00a0\u00bb, et d\u00e9j\u00e0 \u00e0 L&rsquo;Essa\u00efon.\r\n\r\nEn 2019, il avait sign\u00e9 le texte d&rsquo;un spectacle m\u00e9morable: \u00ab\u00a0De P\u00e9kin \u00e0 Lampedusa\u00a0\u00bb.\r\n\r\nEt depuis 2022, j&rsquo;annonce chaque ann\u00e9e son retour dans \u00ab\u00a0Le Joueur d&rsquo;\u00c9chec\u00a0\u00bb de Stefan SWEIG, qui fait succ\u00e8s \u00e0 chaque saison.\r\n\r\n\r\nCette ann\u00e9e, il joue ce spectacle les Lundis \u00e0 19h00, jusqu&rsquo;au 1er Avril 2026.\r\n\r\nEt cerise sur le g\u00e2teau, les Mardis et Mercredis, toujours \u00e0 19h00, il nous propose \u00ab\u00a0SI C&rsquo;EST UN HOMME\u00a0\u00bb de Primo LEVI, une oeuvre magistrale, interpr\u00e9t\u00e9e par un com\u00e9dien de grand talent.\r\n\r\nLe Pitch:\r\n\r\n\u00ab\u00a0\u00c9crit d\u00e8s sa lib\u00e9ration de l&rsquo;enfer d&rsquo;Auschwitz, \u00ab\u00a0Si c&rsquo;est un homme\u00a0\u00bb, est universellement reconnue comme un t\u00e9moignage essentiel de l&rsquo;histoire humaine.\r\nLoin de tout artifice, Primo Levi expose, avec une pr\u00e9cision presque scientifique, le fonctionnement d&rsquo;une machine monstrueuse de d\u00e9shumanisation.\u00a0\u00bb\r\n\r\n \r\n\r\nGilbert PONT\u00c9, signe l&rsquo;Adaptation, la Mise en Sc\u00e8ne et en est I&rsquo;nterpr\u00e9te. \r\n\r\nCr\u00e9ation Lumi\u00e8res: Antoine LE GALLO\r\n\r\n \r\n\r\nJusqu&rsquo;au 1er Avril 2026\r\n\r\nDur\u00e9e: 1h15\r\n\r\n\r\n \r\n\r\nTH\u00c9\u00c2TRE L&rsquo;ESSA\u00cfON\r\n\r\nSalle Cabaret\r\n\r\n01 42 78 46 42\r\n\r\n \r\n\r\n \r\n\r\nRobert BONNARDOT<\/p>","protected":false},"excerpt":{"rendered":"<p>La premi\u00e8re fois que j&rsquo;ai applaudi Gilbert PONT\u00c9, c&rsquo;est en 2015 dans \u00ab\u00a0La Derni\u00e8re Nuit de Moli\u00e8re\u00a0\u00bb. Il m&rsquo;avait \u00e9pat\u00e9! En 2017, \u00ab\u00a0MICHA\u00cbL KOHLHASS, l&rsquo;Homme R\u00e9volt\u00e9\u00a0\u00bb, et d\u00e9j\u00e0 \u00e0 L&rsquo;Essa\u00efon. En 2019, il avait sign\u00e9 le texte d&rsquo;un spectacle m\u00e9morable: \u00ab\u00a0De P\u00e9kin \u00e0 Lampedusa\u00a0\u00bb. Et depuis 2022, j&rsquo;annonce chaque ann\u00e9e son retour dans \u00ab\u00a0Le Joueur [&hellip;]<\/p>\n","protected":false},"author":11,"featured_media":0,"comment_status":"closed","ping_status":"open","sticky":false,"template":"","format":"standard","meta":{"footnotes":""},"categories":[],"tags":[],"_links":{"self":[{"href":"https:\/\/www.yvelinesradio.com\/radio\/wp-json\/wp\/v2\/posts\/2263"}],"collection":[{"href":"https:\/\/www.yvelinesradio.com\/radio\/wp-json\/wp\/v2\/posts"}],"about":[{"href":"https:\/\/www.yvelinesradio.com\/radio\/wp-json\/wp\/v2\/types\/post"}],"author":[{"embeddable":true,"href":"https:\/\/www.yvelinesradio.com\/radio\/wp-json\/wp\/v2\/users\/11"}],"replies":[{"embeddable":true,"href":"https:\/\/www.yvelinesradio.com\/radio\/wp-json\/wp\/v2\/comments?post=2263"}],"version-history":[{"count":0,"href":"https:\/\/www.yvelinesradio.com\/radio\/wp-json\/wp\/v2\/posts\/2263\/revisions"}],"wp:attachment":[{"href":"https:\/\/www.yvelinesradio.com\/radio\/wp-json\/wp\/v2\/media?parent=2263"}],"wp:term":[{"taxonomy":"category","embeddable":true,"href":"https:\/\/www.yvelinesradio.com\/radio\/wp-json\/wp\/v2\/categories?post=2263"},{"taxonomy":"post_tag","embeddable":true,"href":"https:\/\/www.yvelinesradio.com\/radio\/wp-json\/wp\/v2\/tags?post=2263"}],"curies":[{"name":"wp","href":"https:\/\/api.w.org\/{rel}","templated":true}]}}