{"id":2261,"date":"2026-01-12T00:00:00","date_gmt":"2026-01-12T00:00:00","guid":{"rendered":""},"modified":"2026-01-12T00:00:00","modified_gmt":"2026-01-12T00:00:00","slug":"20260114501103","status":"publish","type":"post","link":"https:\/\/www.yvelinesradio.com\/radio\/2026\/01\/12\/20260114501103\/","title":{"rendered":"\u00ab\u00a0KILLER JOE\u00a0\u00bb 10 dates Exceptionnelles \u00e0 La Nouvelle \u00c8ve"},"content":{"rendered":"<figure class=\"wp-block-image size-full\"><img decoding=\"async\" src=\"https:\/\/www.yvelinesradio.com\/infos\/chroniques\/SORTIES_A_PARIS___KILLER_JOE_____dates_Exceptionnelles_____1347302426.33.29.png\"alt=\"\" class=\"wp-image-32\" \/><\/figure><figure class=\"wp-block-audio\"><audio controls src=\"https:\/\/www.yvelinesradio.com\/infos\/chroniques\/SORTIES_A_PARIS___KILLER_JOE_____dates_Exceptionnelles_____2915126829.mp3\"><\/audio><\/figure><p>Si vous n&rsquo;avez pas eu la chance de voir ce spectacle au Th\u00e9\u00e2tre de l&rsquo;\u008cUVRE, ne le manquez pas \u00e0 La Nouvelle \u00c8ve, o\u00f9 il revient pour dix dates exceptionnelles.\r\n\r\nC&rsquo;est vraiment une r\u00e9ussite th\u00e9\u00e2trale, inoubliable !\r\n\r\nVoici, ce que j&rsquo;\u00e9crivais:\r\n\r\n \r\n\r\n\u00ab\u00a0Une distribution de com\u00e9diennes et com\u00e9diens, plus excellents les uns que les autres.\r\n\r\nUn spectacle \u00e0 couper le souffle.\r\n\r\nC&rsquo;est &#8211; sans le moindre doute &#8211; l&rsquo;affiche \u00e0 ne surtout pas manquer en cette fin d&rsquo;ann\u00e9e.\r\n\r\nUne sombre histoire qui arrive \u00e0 une famille de gens pas tr\u00e8s malins, dans une am\u00e9rique profonde, et pour lesquels \u00ab\u00a0humanit\u00e9\u00a0\u00bb doit \u00eatre un gros mot.\r\n\r\nAvec:\r\n\r\nBenoit SOLES\r\n\r\nRod PARADOT\r\n\r\nPauline LEFEVRE\r\n\r\nOlivier SITRUK\r\n\r\nCarla MUYS.\r\n\r\nEt un guitariste\/fredonneur sur sc\u00e8ne: Neil CHABLAOUI.\r\n\r\n \r\n\r\nLumi\u00e8res: Denis KORANSKY\r\n\r\nSc\u00e9nographie: Georges VAURAZ\r\n\r\nCostumes: M\u00e9lisande de SERRES\r\n\r\nChor\u00e9graphies: Sophie MAYER\r\n\r\nMusiques:  Yann COSTE\r\n\r\n \r\n\r\nUne totale r\u00e9ussite, r\u00e9servez-vite !!!\r\n\r\n \r\n\r\nMise en Sc\u00e8ne: Patrick COSTA, assist\u00e9 de Sophie NICOLLAS\u00a0\u00bb\r\n\r\nDu 26 Janvier au 9 Mars 2026\r\n\r\nDur\u00e9e: 1h30\r\n\r\n(Voir les dates et les horaires sur le site de la salle)\r\n\r\n \r\n\r\n\r\n \r\n\r\nLA NOUVELLE \u00c8VE\r\n\r\n01 48 74 69 25\r\n\r\n \r\n\r\n \r\n\r\nRobert BONNARDOT<\/p>","protected":false},"excerpt":{"rendered":"<p>Si vous n&rsquo;avez pas eu la chance de voir ce spectacle au Th\u00e9\u00e2tre de l&rsquo;\u008cUVRE, ne le manquez pas \u00e0 La Nouvelle \u00c8ve, o\u00f9 il revient pour dix dates exceptionnelles. C&rsquo;est vraiment une r\u00e9ussite th\u00e9\u00e2trale, inoubliable ! Voici, ce que j&rsquo;\u00e9crivais: \u00ab\u00a0Une distribution de com\u00e9diennes et com\u00e9diens, plus excellents les uns que les autres. Un [&hellip;]<\/p>\n","protected":false},"author":11,"featured_media":0,"comment_status":"closed","ping_status":"open","sticky":false,"template":"","format":"standard","meta":{"footnotes":""},"categories":[],"tags":[],"_links":{"self":[{"href":"https:\/\/www.yvelinesradio.com\/radio\/wp-json\/wp\/v2\/posts\/2261"}],"collection":[{"href":"https:\/\/www.yvelinesradio.com\/radio\/wp-json\/wp\/v2\/posts"}],"about":[{"href":"https:\/\/www.yvelinesradio.com\/radio\/wp-json\/wp\/v2\/types\/post"}],"author":[{"embeddable":true,"href":"https:\/\/www.yvelinesradio.com\/radio\/wp-json\/wp\/v2\/users\/11"}],"replies":[{"embeddable":true,"href":"https:\/\/www.yvelinesradio.com\/radio\/wp-json\/wp\/v2\/comments?post=2261"}],"version-history":[{"count":0,"href":"https:\/\/www.yvelinesradio.com\/radio\/wp-json\/wp\/v2\/posts\/2261\/revisions"}],"wp:attachment":[{"href":"https:\/\/www.yvelinesradio.com\/radio\/wp-json\/wp\/v2\/media?parent=2261"}],"wp:term":[{"taxonomy":"category","embeddable":true,"href":"https:\/\/www.yvelinesradio.com\/radio\/wp-json\/wp\/v2\/categories?post=2261"},{"taxonomy":"post_tag","embeddable":true,"href":"https:\/\/www.yvelinesradio.com\/radio\/wp-json\/wp\/v2\/tags?post=2261"}],"curies":[{"name":"wp","href":"https:\/\/api.w.org\/{rel}","templated":true}]}}