{"id":2260,"date":"2026-01-12T00:00:00","date_gmt":"2026-01-12T00:00:00","guid":{"rendered":""},"modified":"2026-01-12T00:00:00","modified_gmt":"2026-01-12T00:00:00","slug":"20260114423139","status":"publish","type":"post","link":"https:\/\/www.yvelinesradio.com\/radio\/2026\/01\/12\/20260114423139\/","title":{"rendered":"\u00ab\u00a0PAYS BONHEUR\u00a0\u00bb au Guichet Montparnasse"},"content":{"rendered":"<figure class=\"wp-block-image size-full\"><img decoding=\"async\" src=\"https:\/\/www.yvelinesradio.com\/infos\/chroniques\/SORTIES_A_PARIS___PAYS_BONHEUR__au_Guichet_Montparnasse__2029765194.png\"alt=\"\" class=\"wp-image-32\" \/><\/figure><figure class=\"wp-block-audio\"><audio controls src=\"https:\/\/www.yvelinesradio.com\/infos\/chroniques\/SORTIES_A_PARIS___PAYS_BONHEUR__au_Guichet_Montparnasse__8025898830.mp3\"><\/audio><\/figure><p>J&rsquo;ai vu Thierry de PINA, la toute premi\u00e8re fois en 2016 dans \u00ab\u00a0D\u00e9sign\u00e9 Coupable\u00a0\u00bb au Th\u00e9\u00e2tre Akt\u00e9on.\r\n\r\nJe l&rsquo;ai revu en 2022, dans \u00ab\u00a0Qui va l\u00e0?\u00a0\u00bb d\u00e9j\u00e0 adapt\u00e9 d&rsquo;une oeuvre d&rsquo;Emmanuel DARLEY, (1963-2016), dont il avait aussi mis en lumi\u00e8re \u00ab\u00a0Un Mardi \u00e0 Monoprix\u00a0\u00bb, encore programm\u00e9 r\u00e9cemment \u00e0 l&rsquo;Essa\u00efon, et une des belles affiches du dernier Festival Off en Avignon.\r\n\r\nFid\u00e8le \u00e0 son auteur, il nous propose \u00ab\u00a0Pays Bonheur\u00a0\u00bb, un portrait captivant, La parole d&rsquo;un exil\u00e9.\r\n\r\nLe Pitch:\r\n\r\n \r\n\r\n\u00ab\u00a0Il a fui son pays. Son terrible voyage, il nous le raconte. Lui, il est parvenu jusqu&rsquo;au bout. Mais ici, la terre promise tant convoit\u00e9e, le pays bonheur comme ils disent, se r\u00e9v\u00e8le sous son vrai jour, celui de la mis\u00e8re morale et mat\u00e9rielle. Il faut travailler. Il faut envoyer de l&rsquo;argent au pays, co\u00fbte que co\u00fbte, m\u00eame si la famille vous oublie peu \u00e0 peu. Il \u00e9tait de l\u00e0-bas, il est venu ici, et cet ici il ne pourra plus jamais le quitter.\u00a0\u00bb\r\n\r\nMusique: Hicham CHAIDI\r\n\r\nLumi\u00e8res: Nicolas THIBAUT\r\n\r\nDirection d&rsquo;Acteur: Emmanuelle LORRE\r\n\r\nCollaboration Artistique: Carole SCOTTO-FASANO et Sylvie DUTHEIL.\r\n\r\n \r\n\r\nMise en Sc\u00e8ne\/Interpr\u00e9tation: Thierry de PINA\r\n\r\n \r\n\r\nDur\u00e9e: 1h10\r\n\r\n \r\n\r\nLes  Jeudis \u00e0 19h00\r\n\r\n \r\n\r\n\r\n \r\n\r\nTH\u00c9\u00c2TRE LE GUICHET MONTPARNASSE\r\n\r\n01 43 27 88 61\r\n\r\n \r\n\r\n \r\n\r\nRobert BONNARDOT<\/p>","protected":false},"excerpt":{"rendered":"<p>J&rsquo;ai vu Thierry de PINA, la toute premi\u00e8re fois en 2016 dans \u00ab\u00a0D\u00e9sign\u00e9 Coupable\u00a0\u00bb au Th\u00e9\u00e2tre Akt\u00e9on. Je l&rsquo;ai revu en 2022, dans \u00ab\u00a0Qui va l\u00e0?\u00a0\u00bb d\u00e9j\u00e0 adapt\u00e9 d&rsquo;une oeuvre d&rsquo;Emmanuel DARLEY, (1963-2016), dont il avait aussi mis en lumi\u00e8re \u00ab\u00a0Un Mardi \u00e0 Monoprix\u00a0\u00bb, encore programm\u00e9 r\u00e9cemment \u00e0 l&rsquo;Essa\u00efon, et une des belles affiches du [&hellip;]<\/p>\n","protected":false},"author":11,"featured_media":0,"comment_status":"closed","ping_status":"open","sticky":false,"template":"","format":"standard","meta":{"footnotes":""},"categories":[],"tags":[],"_links":{"self":[{"href":"https:\/\/www.yvelinesradio.com\/radio\/wp-json\/wp\/v2\/posts\/2260"}],"collection":[{"href":"https:\/\/www.yvelinesradio.com\/radio\/wp-json\/wp\/v2\/posts"}],"about":[{"href":"https:\/\/www.yvelinesradio.com\/radio\/wp-json\/wp\/v2\/types\/post"}],"author":[{"embeddable":true,"href":"https:\/\/www.yvelinesradio.com\/radio\/wp-json\/wp\/v2\/users\/11"}],"replies":[{"embeddable":true,"href":"https:\/\/www.yvelinesradio.com\/radio\/wp-json\/wp\/v2\/comments?post=2260"}],"version-history":[{"count":0,"href":"https:\/\/www.yvelinesradio.com\/radio\/wp-json\/wp\/v2\/posts\/2260\/revisions"}],"wp:attachment":[{"href":"https:\/\/www.yvelinesradio.com\/radio\/wp-json\/wp\/v2\/media?parent=2260"}],"wp:term":[{"taxonomy":"category","embeddable":true,"href":"https:\/\/www.yvelinesradio.com\/radio\/wp-json\/wp\/v2\/categories?post=2260"},{"taxonomy":"post_tag","embeddable":true,"href":"https:\/\/www.yvelinesradio.com\/radio\/wp-json\/wp\/v2\/tags?post=2260"}],"curies":[{"name":"wp","href":"https:\/\/api.w.org\/{rel}","templated":true}]}}