{"id":2255,"date":"2026-01-10T00:00:00","date_gmt":"2026-01-10T00:00:00","guid":{"rendered":""},"modified":"2026-01-10T00:00:00","modified_gmt":"2026-01-10T00:00:00","slug":"202601121860","status":"publish","type":"post","link":"https:\/\/www.yvelinesradio.com\/radio\/2026\/01\/10\/202601121860\/","title":{"rendered":"\u00ab\u00a0GAGNANT GAGNANT\u00a0\u00bb revient \u00e0 la COM\u00c9DIE BASTILLE"},"content":{"rendered":"<figure class=\"wp-block-image size-full\"><img decoding=\"async\" src=\"https:\/\/www.yvelinesradio.com\/infos\/chroniques\/SORTIES_A_PARIS___GAGNANT_GAGNANT__revient___la_COM_DIE_B__5594486065.jpg\"alt=\"\" class=\"wp-image-32\" \/><\/figure><figure class=\"wp-block-audio\"><audio controls src=\"https:\/\/www.yvelinesradio.com\/infos\/chroniques\/SORTIES_A_PARIS___GAGNANT_GAGNANT__revient___la_COM_DIE_B__1881837880.mp3\"><\/audio><\/figure><p>Vous aviez aim\u00e9 \u00ab\u00a0Venise sous la Neige\u00a0\u00bb, vous allez adorer \u00ab\u00a0GAGNANT GAGNANT\u00a0\u00bb, une com\u00e9die tr\u00e8s r\u00e9ussie.\r\n\r\nJ&rsquo;ai eu le plaisir de voir cette pi\u00e8ce en 2025, et voici ce que j&rsquo;en disais:\r\n\r\n \r\n\r\n\u00ab\u00a0Des com\u00e9diens qui jouent plusieurs r\u00f4les, tous des  membres de \u00ab\u00a0Symbiosis Consultants\u00a0\u00bb, en pleine Convention.\r\n\r\nOn doit m\u00eame remettre le \u00ab\u00a0Symbio d&rsquo;Or\u00a0\u00bb, au plus m\u00e9ritant de l&rsquo;entreprise.\r\n\r\nC&rsquo;est \u00e0 peine exag\u00e9r\u00e9, avec des \u00e9v\u00e9nements similaires, dont j&rsquo;ai gard\u00e9 le souvenir&#8230;\r\n\r\nUn bon moment de franche rigolade !!!\u00a0\u00bb\r\n\r\nAvec:\r\n\r\nBenjamin ALAZRAKI ou Laurent PAOLINI\r\n\r\nJean-Gilles BARBIER ou St\u00e9phane ROUX\r\n\r\nS\u00e9verine DEBELS ou Marine DUSEHU\r\n\r\nXavier MARTEL ou Arnaud JOYET\r\n\r\net\r\n\r\nGilles DYREK\r\n\r\n \r\n\r\nUne pi\u00e8ce de Gilles DYREK, qui en signe la Mise en Sc\u00e8ne.\r\n\r\nDur\u00e9e: 1h20\r\n\r\nJusqu&rsquo;au 27 Juin 2026\r\n\r\nMercredi \u00e0 19h00\r\n\r\nJeudi  \u00e0 21h00\r\n\r\nVendredi \u00e0 19h00\r\n\r\nSamedi \u00e0 21h00\r\n\r\n \r\n\r\n\r\n \r\n\r\nLA COM\u00c9DIE BASTILLE\r\n\r\n01 48 07 52 07\r\n\r\n \r\n\r\n \r\n\r\nRobert BONNARDOT<\/p>","protected":false},"excerpt":{"rendered":"<p>Vous aviez aim\u00e9 \u00ab\u00a0Venise sous la Neige\u00a0\u00bb, vous allez adorer \u00ab\u00a0GAGNANT GAGNANT\u00a0\u00bb, une com\u00e9die tr\u00e8s r\u00e9ussie. J&rsquo;ai eu le plaisir de voir cette pi\u00e8ce en 2025, et voici ce que j&rsquo;en disais: \u00ab\u00a0Des com\u00e9diens qui jouent plusieurs r\u00f4les, tous des membres de \u00ab\u00a0Symbiosis Consultants\u00a0\u00bb, en pleine Convention. On doit m\u00eame remettre le \u00ab\u00a0Symbio d&rsquo;Or\u00a0\u00bb, au [&hellip;]<\/p>\n","protected":false},"author":11,"featured_media":0,"comment_status":"closed","ping_status":"open","sticky":false,"template":"","format":"standard","meta":{"footnotes":""},"categories":[],"tags":[],"_links":{"self":[{"href":"https:\/\/www.yvelinesradio.com\/radio\/wp-json\/wp\/v2\/posts\/2255"}],"collection":[{"href":"https:\/\/www.yvelinesradio.com\/radio\/wp-json\/wp\/v2\/posts"}],"about":[{"href":"https:\/\/www.yvelinesradio.com\/radio\/wp-json\/wp\/v2\/types\/post"}],"author":[{"embeddable":true,"href":"https:\/\/www.yvelinesradio.com\/radio\/wp-json\/wp\/v2\/users\/11"}],"replies":[{"embeddable":true,"href":"https:\/\/www.yvelinesradio.com\/radio\/wp-json\/wp\/v2\/comments?post=2255"}],"version-history":[{"count":0,"href":"https:\/\/www.yvelinesradio.com\/radio\/wp-json\/wp\/v2\/posts\/2255\/revisions"}],"wp:attachment":[{"href":"https:\/\/www.yvelinesradio.com\/radio\/wp-json\/wp\/v2\/media?parent=2255"}],"wp:term":[{"taxonomy":"category","embeddable":true,"href":"https:\/\/www.yvelinesradio.com\/radio\/wp-json\/wp\/v2\/categories?post=2255"},{"taxonomy":"post_tag","embeddable":true,"href":"https:\/\/www.yvelinesradio.com\/radio\/wp-json\/wp\/v2\/tags?post=2255"}],"curies":[{"name":"wp","href":"https:\/\/api.w.org\/{rel}","templated":true}]}}