{"id":2253,"date":"2026-01-08T00:00:00","date_gmt":"2026-01-08T00:00:00","guid":{"rendered":""},"modified":"2026-01-08T00:00:00","modified_gmt":"2026-01-08T00:00:00","slug":"20260110832357","status":"publish","type":"post","link":"https:\/\/www.yvelinesradio.com\/radio\/2026\/01\/08\/20260110832357\/","title":{"rendered":"\u00ab\u00a0COLLECTIF ARTYPIQUE\u00a0\u00bb avec Yannick NOAH"},"content":{"rendered":"<figure class=\"wp-block-image size-full\"><img decoding=\"async\" src=\"https:\/\/www.yvelinesradio.com\/infos\/chroniques\/SORTIES_A_PARIS___COLLECTIF_ARTYPIQUE__avec_Yannick_NOAH__8024440736.jpg\"alt=\"\" class=\"wp-image-32\" \/><\/figure><figure class=\"wp-block-audio\"><audio controls src=\"https:\/\/www.yvelinesradio.com\/infos\/chroniques\/SORTIES_A_PARIS___COLLECTIF_ARTYPIQUE__avec_Yannick_NOAH__5435644198.mp3\"><\/audio><\/figure><p>Ce collectif se consacre \u00e0 la d\u00e9fense des droits des autistes, et Yannick Noah, en est le parrain.\r\n\r\nCe concert caritatif , est organis\u00e9 pour annoncer la sortie prochaine de leur nouvel EP.\r\n\r\nAvec la pr\u00e9sence de Yannick NOAH et \u00c9glantine \u00c9M\u00c9Y\u00c9\r\n\r\n \r\n\r\nLe Jeudi 20 Janvier 2026 \u00e0 20h00\r\n\r\n \r\n\r\n\r\n \r\n\r\nCENTRE PARIS ANIM&rsquo; JACQUES BRAVO\r\n\r\n01 53 25 14 00\r\n\r\n \r\n\r\n \r\n\r\nRobert BONNARDOT<\/p>","protected":false},"excerpt":{"rendered":"<p>Ce collectif se consacre \u00e0 la d\u00e9fense des droits des autistes, et Yannick Noah, en est le parrain. Ce concert caritatif , est organis\u00e9 pour annoncer la sortie prochaine de leur nouvel EP. Avec la pr\u00e9sence de Yannick NOAH et \u00c9glantine \u00c9M\u00c9Y\u00c9 Le Jeudi 20 Janvier 2026 \u00e0 20h00 CENTRE PARIS ANIM&rsquo; JACQUES BRAVO 01 [&hellip;]<\/p>\n","protected":false},"author":11,"featured_media":0,"comment_status":"closed","ping_status":"open","sticky":false,"template":"","format":"standard","meta":{"footnotes":""},"categories":[],"tags":[],"_links":{"self":[{"href":"https:\/\/www.yvelinesradio.com\/radio\/wp-json\/wp\/v2\/posts\/2253"}],"collection":[{"href":"https:\/\/www.yvelinesradio.com\/radio\/wp-json\/wp\/v2\/posts"}],"about":[{"href":"https:\/\/www.yvelinesradio.com\/radio\/wp-json\/wp\/v2\/types\/post"}],"author":[{"embeddable":true,"href":"https:\/\/www.yvelinesradio.com\/radio\/wp-json\/wp\/v2\/users\/11"}],"replies":[{"embeddable":true,"href":"https:\/\/www.yvelinesradio.com\/radio\/wp-json\/wp\/v2\/comments?post=2253"}],"version-history":[{"count":0,"href":"https:\/\/www.yvelinesradio.com\/radio\/wp-json\/wp\/v2\/posts\/2253\/revisions"}],"wp:attachment":[{"href":"https:\/\/www.yvelinesradio.com\/radio\/wp-json\/wp\/v2\/media?parent=2253"}],"wp:term":[{"taxonomy":"category","embeddable":true,"href":"https:\/\/www.yvelinesradio.com\/radio\/wp-json\/wp\/v2\/categories?post=2253"},{"taxonomy":"post_tag","embeddable":true,"href":"https:\/\/www.yvelinesradio.com\/radio\/wp-json\/wp\/v2\/tags?post=2253"}],"curies":[{"name":"wp","href":"https:\/\/api.w.org\/{rel}","templated":true}]}}