{"id":2252,"date":"2026-01-08T00:00:00","date_gmt":"2026-01-08T00:00:00","guid":{"rendered":""},"modified":"2026-01-08T00:00:00","modified_gmt":"2026-01-08T00:00:00","slug":"20260110493264","status":"publish","type":"post","link":"https:\/\/www.yvelinesradio.com\/radio\/2026\/01\/08\/20260110493264\/","title":{"rendered":"\u00ab\u00a0DANS TOUS LES SENS\u00a0\u00bb au Funambule-Montmartre"},"content":{"rendered":"<figure class=\"wp-block-image size-full\"><img decoding=\"async\" src=\"https:\/\/www.yvelinesradio.com\/infos\/chroniques\/SORTIES_A_PARIS___DANS_TOUS_LES_SENS__au_Funambule_Montma__1335427720.jpg\"alt=\"\" class=\"wp-image-32\" \/><\/figure><figure class=\"wp-block-audio\"><audio controls src=\"https:\/\/www.yvelinesradio.com\/infos\/chroniques\/SORTIES_A_PARIS___DANS_TOUS_LES_SENS__au_Funambule_Montma__9067781828.mp3\"><\/audio><\/figure><p>Un spectacle de mime comique et po\u00e9tique, un spectacle qui r\u00e9unira toute la famille.\r\n\r\nEntre rire et po\u00e9sie, ce spectacle foisonnant traverse l&rsquo;absurde, chatouille l&rsquo;imaginaire et bouscule nos certitudes. Un voyage sensoriel, dr\u00f4le et inattendu qui part dans tous les sens pour mieux faire sens. Les adultes y trouvent mati\u00e8re \u00e0 r\u00e9flexion, les enfants y voient un terrain de jeu magique et tous en ressortent avec des \u00e9toiles dans les yeux.\r\n\r\n \r\n\r\nL&rsquo;Auteur et Interpr\u00e8te: Flavien RENAUD\r\n\r\nil est accompagn\u00e9 par le talentueux guitariste:\r\n\r\nAntoine MORINI\u00c8RE\r\n\r\n\r\n \r\n\r\nAntoine MORINI\u00c8RE\r\n\r\n \r\n\r\nMusique: Michele FARAGELLI\r\n\r\nLumi\u00e8res: Pascal DI MITO\r\n\r\n \r\n\r\nMise en Sc\u00e8ne: Ira SEIDENSTEIN\r\n\r\n \r\n\r\nDur\u00e9e: 1h05\r\n\r\n \r\n\r\nDu 10 Janvier au 1er Mars 2026\r\n\r\nLes Samedis \u00e0 17h00  et les Dimanches \u00e0 16h00\r\n\r\n \r\n\r\n\r\n \r\n\r\nTH\u00c9\u00c2TRE LE FUNAMBULE MONTMARTRE\r\n\r\n01 42 23 88 83\r\n\r\n \r\n\r\n \r\n\r\nRobert BONNARDOT<\/p>","protected":false},"excerpt":{"rendered":"<p>Un spectacle de mime comique et po\u00e9tique, un spectacle qui r\u00e9unira toute la famille. Entre rire et po\u00e9sie, ce spectacle foisonnant traverse l&rsquo;absurde, chatouille l&rsquo;imaginaire et bouscule nos certitudes. Un voyage sensoriel, dr\u00f4le et inattendu qui part dans tous les sens pour mieux faire sens. Les adultes y trouvent mati\u00e8re \u00e0 r\u00e9flexion, les enfants y [&hellip;]<\/p>\n","protected":false},"author":11,"featured_media":0,"comment_status":"closed","ping_status":"open","sticky":false,"template":"","format":"standard","meta":{"footnotes":""},"categories":[],"tags":[],"_links":{"self":[{"href":"https:\/\/www.yvelinesradio.com\/radio\/wp-json\/wp\/v2\/posts\/2252"}],"collection":[{"href":"https:\/\/www.yvelinesradio.com\/radio\/wp-json\/wp\/v2\/posts"}],"about":[{"href":"https:\/\/www.yvelinesradio.com\/radio\/wp-json\/wp\/v2\/types\/post"}],"author":[{"embeddable":true,"href":"https:\/\/www.yvelinesradio.com\/radio\/wp-json\/wp\/v2\/users\/11"}],"replies":[{"embeddable":true,"href":"https:\/\/www.yvelinesradio.com\/radio\/wp-json\/wp\/v2\/comments?post=2252"}],"version-history":[{"count":0,"href":"https:\/\/www.yvelinesradio.com\/radio\/wp-json\/wp\/v2\/posts\/2252\/revisions"}],"wp:attachment":[{"href":"https:\/\/www.yvelinesradio.com\/radio\/wp-json\/wp\/v2\/media?parent=2252"}],"wp:term":[{"taxonomy":"category","embeddable":true,"href":"https:\/\/www.yvelinesradio.com\/radio\/wp-json\/wp\/v2\/categories?post=2252"},{"taxonomy":"post_tag","embeddable":true,"href":"https:\/\/www.yvelinesradio.com\/radio\/wp-json\/wp\/v2\/tags?post=2252"}],"curies":[{"name":"wp","href":"https:\/\/api.w.org\/{rel}","templated":true}]}}