{"id":2251,"date":"2026-01-07T00:00:00","date_gmt":"2026-01-07T00:00:00","guid":{"rendered":""},"modified":"2026-01-07T00:00:00","modified_gmt":"2026-01-07T00:00:00","slug":"20260109644048","status":"publish","type":"post","link":"https:\/\/www.yvelinesradio.com\/radio\/2026\/01\/07\/20260109644048\/","title":{"rendered":"\u00ab\u00a0BORDERLINE\u00a0\u00bb de retour au Th\u00e9\u00e2tre de Passy"},"content":{"rendered":"<figure class=\"wp-block-image size-full\"><img decoding=\"async\" src=\"https:\/\/www.yvelinesradio.com\/infos\/chroniques\/SORTIES_A_PARIS___BORDERLINE__de_retour_au_Th__tre_de_Pas__1252784422.jpg\"alt=\"\" class=\"wp-image-32\" \/><\/figure><figure class=\"wp-block-audio\"><audio controls src=\"https:\/\/www.yvelinesradio.com\/infos\/chroniques\/SORTIES_A_PARIS___BORDERLINE__de_retour_au_Th__tre_de_Pas__8000735514.mp3\"><\/audio><\/figure><p>Une pi\u00e8ce \u00e0 succ\u00e8s, qui est de retour au Th\u00e9\u00e2tre de Passy, il vaut mieux \u00eatre dans les premiers pour r\u00e9server !\r\n\r\nJ&rsquo;ai ador\u00e9 ce spectacle en octobre 2023, lors de sa cr\u00e9ation, et j&rsquo;\u00e9crivais:\r\n\r\n \r\n\r\n\u00ab\u00a0Quand on a la chance de voir Daniel RUSSO, dans une pi\u00e8ce  de Flavia COSTE, et ce n&rsquo;est pas la premi\u00e8re fois, et que son partenaire est Philippe LELI\u00c8VRE, on sait que l&rsquo;on va passer un tr\u00e8s bon moment.\r\n\r\nPour avoir vu la pi\u00e8ce aujourd&rsquo;hui, je vous le confirme !\r\n\r\nUn Psy, a un patient difficile, il lui a g\u00e2ch\u00e9 son r\u00e9veillon de No\u00ebl, pour un suicide manqu\u00e9, et il a r\u00e9cidiv\u00e9 le 31 d\u00e9cembre.\r\n\r\nCe soir le Psy doit f\u00eater ses 20 ans de mariage, et l&rsquo;autre a demand\u00e9 une consultation en urgence.\r\n\r\nNous allons de surprises en sc\u00e8nes cocasses, et on fr\u00f4le m\u00eame le drame&#8230;\r\n\r\nDeux com\u00e9diens exceptionnels, une vraie com\u00e9die de moeurs, o\u00f9 l&rsquo;on rit beaucoup ! Ne boudez pas votre plaisir !\u00a0\u00bb\r\n\r\nUne tr\u00e8s sympathique com\u00e9die que l&rsquo;on doit \u00e0:\r\n\r\nFlavia COSTE\r\n\r\n \r\n\r\nAvec: Daniel RUSSO &#038; Philippe LELI\u00c8VRE\r\n\r\nD\u00e9cor: Jean-Michel ADAM\r\n\r\nCostumes: Claire DJEMAH\r\n\r\nLumi\u00e8res: Philippe SAZERAT\r\n\r\nMusique: Laurent PETITGIRARD\r\n\r\n \r\n\r\nMise en Sc\u00e8ne: Daniel RUSSO, assist\u00e9 d&rsquo;Amanda RUSSO\r\n\r\n \r\n\r\nDur\u00e9e: 1h20\r\n\r\n\u00e0 partir du 10 Janvier 2026\r\n\r\nDu Lundi au Mercredi \u00e0 21h00\r\n\r\nMatin\u00e9es les Samedis \u00e0 17h00, les Dimanches \u00e0 19h00\r\n\r\n \r\n\r\n\r\nTH\u00c9\u00c2TRE DE PASSY\r\n\r\n01 82 28 56 40\r\n\r\n \r\n\r\n \r\n\r\nRobert BONNARDOT<\/p>","protected":false},"excerpt":{"rendered":"<p>Une pi\u00e8ce \u00e0 succ\u00e8s, qui est de retour au Th\u00e9\u00e2tre de Passy, il vaut mieux \u00eatre dans les premiers pour r\u00e9server ! J&rsquo;ai ador\u00e9 ce spectacle en octobre 2023, lors de sa cr\u00e9ation, et j&rsquo;\u00e9crivais: \u00ab\u00a0Quand on a la chance de voir Daniel RUSSO, dans une pi\u00e8ce de Flavia COSTE, et ce n&rsquo;est pas la [&hellip;]<\/p>\n","protected":false},"author":11,"featured_media":0,"comment_status":"closed","ping_status":"open","sticky":false,"template":"","format":"standard","meta":{"footnotes":""},"categories":[],"tags":[],"_links":{"self":[{"href":"https:\/\/www.yvelinesradio.com\/radio\/wp-json\/wp\/v2\/posts\/2251"}],"collection":[{"href":"https:\/\/www.yvelinesradio.com\/radio\/wp-json\/wp\/v2\/posts"}],"about":[{"href":"https:\/\/www.yvelinesradio.com\/radio\/wp-json\/wp\/v2\/types\/post"}],"author":[{"embeddable":true,"href":"https:\/\/www.yvelinesradio.com\/radio\/wp-json\/wp\/v2\/users\/11"}],"replies":[{"embeddable":true,"href":"https:\/\/www.yvelinesradio.com\/radio\/wp-json\/wp\/v2\/comments?post=2251"}],"version-history":[{"count":0,"href":"https:\/\/www.yvelinesradio.com\/radio\/wp-json\/wp\/v2\/posts\/2251\/revisions"}],"wp:attachment":[{"href":"https:\/\/www.yvelinesradio.com\/radio\/wp-json\/wp\/v2\/media?parent=2251"}],"wp:term":[{"taxonomy":"category","embeddable":true,"href":"https:\/\/www.yvelinesradio.com\/radio\/wp-json\/wp\/v2\/categories?post=2251"},{"taxonomy":"post_tag","embeddable":true,"href":"https:\/\/www.yvelinesradio.com\/radio\/wp-json\/wp\/v2\/tags?post=2251"}],"curies":[{"name":"wp","href":"https:\/\/api.w.org\/{rel}","templated":true}]}}