{"id":2250,"date":"2026-01-07T00:00:00","date_gmt":"2026-01-07T00:00:00","guid":{"rendered":""},"modified":"2026-01-07T00:00:00","modified_gmt":"2026-01-07T00:00:00","slug":"20260109100190","status":"publish","type":"post","link":"https:\/\/www.yvelinesradio.com\/radio\/2026\/01\/07\/20260109100190\/","title":{"rendered":"\u00ab\u00a0SO FLOYD\u00a0\u00bb revient \u00e0 Paris en 2026"},"content":{"rendered":"<figure class=\"wp-block-image size-full\"><img decoding=\"async\" src=\"https:\/\/www.yvelinesradio.com\/infos\/chroniques\/SORTIES_A_PARIS___SO_FLOYD__revient___Paris_en_______3213101182.jpg\"alt=\"\" class=\"wp-image-32\" \/><\/figure><figure class=\"wp-block-audio\"><audio controls src=\"https:\/\/www.yvelinesradio.com\/infos\/chroniques\/SORTIES_A_PARIS___SO_FLOYD__revient___Paris_en_______9125772892.mp3\"><\/audio><\/figure><p>\u00ab\u00a0SO FLOYD\u00a0\u00bb est de retour \u00e0 Paris, et entame une tourn\u00e9e dans toute la France.\r\n\r\n \r\n\r\n \r\n\r\n \r\n\r\nSo Floyd est de retour avec son insurpassable Pink Floyd Show au D\u00f4me de Paris le jeudi 12 f\u00e9vrier 2026 \u00e0 20h00 et en tourn\u00e9e dans toute la France.\r\n\r\nMusicalement exceptionnel, techniquement hors norme, le groupe So Floyd a su convaincre les m\u00e9lomanes, les puristes et les fans de Pink Floyd par la pr\u00e9cision de ses riffs, la magie des lumi\u00e8res, la qualit\u00e9 du son, l&rsquo;interpr\u00e9tation exceptionnelle et la fid\u00e9lit\u00e9 troublante aux concerts du l\u00e9gendaire groupe londonien.\r\n\r\nSo Floyd revisite les plus grands succ\u00e8s du groupe britannique, des morceaux ancr\u00e9s dans la m\u00e9moire collective et des concerts inscrits au panth\u00e9on de la musique !\r\n\r\n Revivez sur sc\u00e8ne tous les titres l\u00e9gendaires \u00ab\u00a0Another brick in the wall\u00a0\u00bb, \u00ab\u00a0Money\u00a0\u00bb, \u00ab\u00a0Time\u00a0\u00bb, \u00ab\u00a0Wish you were here\u00a0\u00bb, \u0093Shine on you Crazy Diamond\u0094 et bien d&rsquo;autres encore\u0085\r\n\r\nLe Jeudi 12 F\u00e9vrier 2026 \u00e0 20h00\r\n\r\n \r\n\r\n\r\n \r\n\r\nLE D\u00d4ME DE PARIS\r\n\r\nPalais des Sports\r\n\r\n01 48 28 40 10\r\n\r\n \r\n\r\n \r\n\r\nRobert BONNARDOT<\/p>","protected":false},"excerpt":{"rendered":"<p>\u00ab\u00a0SO FLOYD\u00a0\u00bb est de retour \u00e0 Paris, et entame une tourn\u00e9e dans toute la France. So Floyd est de retour avec son insurpassable Pink Floyd Show au D\u00f4me de Paris le jeudi 12 f\u00e9vrier 2026 \u00e0 20h00 et en tourn\u00e9e dans toute la France. Musicalement exceptionnel, techniquement hors norme, le groupe So Floyd a su [&hellip;]<\/p>\n","protected":false},"author":11,"featured_media":0,"comment_status":"closed","ping_status":"open","sticky":false,"template":"","format":"standard","meta":{"footnotes":""},"categories":[],"tags":[],"_links":{"self":[{"href":"https:\/\/www.yvelinesradio.com\/radio\/wp-json\/wp\/v2\/posts\/2250"}],"collection":[{"href":"https:\/\/www.yvelinesradio.com\/radio\/wp-json\/wp\/v2\/posts"}],"about":[{"href":"https:\/\/www.yvelinesradio.com\/radio\/wp-json\/wp\/v2\/types\/post"}],"author":[{"embeddable":true,"href":"https:\/\/www.yvelinesradio.com\/radio\/wp-json\/wp\/v2\/users\/11"}],"replies":[{"embeddable":true,"href":"https:\/\/www.yvelinesradio.com\/radio\/wp-json\/wp\/v2\/comments?post=2250"}],"version-history":[{"count":0,"href":"https:\/\/www.yvelinesradio.com\/radio\/wp-json\/wp\/v2\/posts\/2250\/revisions"}],"wp:attachment":[{"href":"https:\/\/www.yvelinesradio.com\/radio\/wp-json\/wp\/v2\/media?parent=2250"}],"wp:term":[{"taxonomy":"category","embeddable":true,"href":"https:\/\/www.yvelinesradio.com\/radio\/wp-json\/wp\/v2\/categories?post=2250"},{"taxonomy":"post_tag","embeddable":true,"href":"https:\/\/www.yvelinesradio.com\/radio\/wp-json\/wp\/v2\/tags?post=2250"}],"curies":[{"name":"wp","href":"https:\/\/api.w.org\/{rel}","templated":true}]}}