{"id":2248,"date":"2026-01-06T00:00:00","date_gmt":"2026-01-06T00:00:00","guid":{"rendered":""},"modified":"2026-01-06T00:00:00","modified_gmt":"2026-01-06T00:00:00","slug":"20260108472945","status":"publish","type":"post","link":"https:\/\/www.yvelinesradio.com\/radio\/2026\/01\/06\/20260108472945\/","title":{"rendered":"\u00ab\u00a0UNE HEURE \u00c0 T&rsquo;ATTENDRE\u00a0\u00bb au Th\u00e9\u00e2tre de Paris"},"content":{"rendered":"<figure class=\"wp-block-image size-full\"><img decoding=\"async\" src=\"https:\/\/www.yvelinesradio.com\/infos\/chroniques\/SORTIES_A_PARIS___UNE_HEURE___T_ATTENDRE__au_Th__tre_de_P__8726430539.jpg\"alt=\"\" class=\"wp-image-32\" \/><\/figure><figure class=\"wp-block-audio\"><audio controls src=\"https:\/\/www.yvelinesradio.com\/infos\/chroniques\/SORTIES_A_PARIS___UNE_HEURE___T_ATTENDRE__au_Th__tre_de_P__0874908736.mp3\"><\/audio><\/figure><p>Si vous n&rsquo;avez pas pu voir cette pi\u00e8ce en octobre dernier au Th\u00e9\u00e2tre de l&rsquo;\u008cUVRE, je vous conseille ardemment d&rsquo;aller la d\u00e9couvrir dans la tr\u00e8s intimiste salle R\u00e9jane, au Th\u00e9\u00e2tre de Paris.\r\n\r\nVoici, ce que j&rsquo;en disais:\r\n\r\n \r\n\r\n\u00a0\u00bb \u00ab\u00a0Une Heure \u00e0 t&rsquo;Attendre\u00a0\u00bb, c&rsquo;est une pi\u00e8ce captivante de Sylvain MEYNIAC.\r\n\r\nOn le connait surtout par ses compositions musicales, mais il a aussi \u00e9t\u00e9 le co-auteur d&rsquo;une pi\u00e8ce, o\u00f9 j&rsquo;ai fait venir pr\u00e8s d&rsquo;un millier de personnes: \u00ab\u00a0Hier est un Autre Jour\u00a0\u00bb.\r\n\r\nDans cette confrontation incarn\u00e9e par deux com\u00e9diens fantastiques, Thierry FR\u00c9MONT et Nicolas VAUDE, nous assistons \u00e0 une conversation \u00e0 fleuret mouchet\u00e9, ils attendent Jos\u00e9phine, la femme de l&rsquo;un et la ma\u00eetresse de l&rsquo;autre&#8230;\r\n\r\nC&rsquo;est souvent tr\u00e8s dr\u00f4le, Nicolas VAUDE s&rsquo;y entend pour faire rire la salle.\r\n\r\nUne fin totalement inattendue, je vous promets de passer un tr\u00e8s bon moment !!! Une pi\u00e8ce courte et tr\u00e8s dense !\u00a0\u00bb\r\n\r\n \r\n\r\n\u00c0 votre tour, vous allez la conseiller \u00e0 vos amis !\r\n\r\n \r\n\r\nl&rsquo;Auteur: Sylvain MEYNIAC\r\n\r\nAvec:\r\n\r\nThierry FR\u00c9MONT  &#038; Nicolas VAUDE\r\n\r\n \r\n\r\n\u00e0 partir du 21 Janvier 2026\r\n\r\nDu Mercredi au Samedi \u00e0 21h00\r\n\r\nMatin\u00e9e les Samedis \u00e0 16h30\r\n\r\n(Rel\u00e2ches: 15, 16, 17 et 18 Avril)\r\n\r\n \r\n\r\nDur\u00e9e: 1h10\r\n\r\n \r\n\r\nD\u00e9cor: Catherine BLUWAL\r\n\r\nLumi\u00e8res: St\u00e9phane BAQUET\r\n\r\nCostumes: Philippe SERPINET\r\n\r\n \r\n\r\nMise en Sc\u00e8ne: Delphine de MALHERBE\r\n\r\n \r\n\r\n\r\n \r\n\r\nTH\u00c9\u00c2TRE DE PARIS\r\n\r\nSalle R\u00e9jane\r\n\r\n01 42 80 01 81\r\n\r\n \r\n\r\n \r\n\r\nRobert BONNARDOT<\/p>","protected":false},"excerpt":{"rendered":"<p>Si vous n&rsquo;avez pas pu voir cette pi\u00e8ce en octobre dernier au Th\u00e9\u00e2tre de l&rsquo;\u008cUVRE, je vous conseille ardemment d&rsquo;aller la d\u00e9couvrir dans la tr\u00e8s intimiste salle R\u00e9jane, au Th\u00e9\u00e2tre de Paris. Voici, ce que j&rsquo;en disais: \u00a0\u00bb \u00ab\u00a0Une Heure \u00e0 t&rsquo;Attendre\u00a0\u00bb, c&rsquo;est une pi\u00e8ce captivante de Sylvain MEYNIAC. On le connait surtout par ses [&hellip;]<\/p>\n","protected":false},"author":11,"featured_media":0,"comment_status":"closed","ping_status":"open","sticky":false,"template":"","format":"standard","meta":{"footnotes":""},"categories":[],"tags":[],"_links":{"self":[{"href":"https:\/\/www.yvelinesradio.com\/radio\/wp-json\/wp\/v2\/posts\/2248"}],"collection":[{"href":"https:\/\/www.yvelinesradio.com\/radio\/wp-json\/wp\/v2\/posts"}],"about":[{"href":"https:\/\/www.yvelinesradio.com\/radio\/wp-json\/wp\/v2\/types\/post"}],"author":[{"embeddable":true,"href":"https:\/\/www.yvelinesradio.com\/radio\/wp-json\/wp\/v2\/users\/11"}],"replies":[{"embeddable":true,"href":"https:\/\/www.yvelinesradio.com\/radio\/wp-json\/wp\/v2\/comments?post=2248"}],"version-history":[{"count":0,"href":"https:\/\/www.yvelinesradio.com\/radio\/wp-json\/wp\/v2\/posts\/2248\/revisions"}],"wp:attachment":[{"href":"https:\/\/www.yvelinesradio.com\/radio\/wp-json\/wp\/v2\/media?parent=2248"}],"wp:term":[{"taxonomy":"category","embeddable":true,"href":"https:\/\/www.yvelinesradio.com\/radio\/wp-json\/wp\/v2\/categories?post=2248"},{"taxonomy":"post_tag","embeddable":true,"href":"https:\/\/www.yvelinesradio.com\/radio\/wp-json\/wp\/v2\/tags?post=2248"}],"curies":[{"name":"wp","href":"https:\/\/api.w.org\/{rel}","templated":true}]}}